{"id":26553,"date":"2019-04-08T06:21:21","date_gmt":"2019-04-08T10:21:21","guid":{"rendered":"https:\/\/linitiative.ca\/International\/formation-une-feuille-de-route-a-la-hauteur-des-ambitions\/"},"modified":"2019-04-08T06:21:21","modified_gmt":"2019-04-08T10:21:21","slug":"formation-une-feuille-de-route-a-la-hauteur-des-ambitions","status":"publish","type":"post","link":"https:\/\/linitiative.ca\/International\/formation-une-feuille-de-route-a-la-hauteur-des-ambitions\/","title":{"rendered":"Formation, une feuille de route \u00e0 la hauteur des ambitions"},"content":{"rendered":"<p class=\"c4\"><span class=\"c3\"><strong><span class=\"c2\">L<\/span>e Maroc a avanc\u00e9 \u00e0 pas de g\u00e9ant dans le domaine de la formation professionnelle au cours des 15 derni\u00e8res ann\u00e9es\u00a0: constructions et \u00e9quipement des centres, nombre important de b\u00e9n\u00e9ficiaires\u2026<\/strong><\/span><\/p>\n<p class=\"c4\">Mais tous ces efforts sont toujours insuffisants pour r\u00e9pondre aux besoins du milieu professionnel de plus en plus exigeant, sachant que m\u00eame l\u2019entreprise fait face \u00e0 un environnement en perp\u00e9tuelle m\u00e9tamorphose et qui exige \u00e9galement une formation continue des ressources humaines. Outre l\u2019handicap relatif aux programmes de formation qui ne correspondent pas forc\u00e9ment aux besoins de l\u2019entreprise marocaine, il faut avouer que nombreux sont les enseignants qui n\u2019ont pas le niveau pour assurer une formation ad\u00e9quate et suivre l\u2019\u00e9volution technologique enregistr\u00e9 dans la sph\u00e8re professionnelle. Pour rem\u00e9dier \u00e0 la situation, il faut recruter les bons profils pour assumer cette mission, cr\u00e9er des centres de formation des enseignants, avoir une relation directe avec le milieu professionnel tout en adoptant un cadre de contr\u00f4le du travail enseignants plus strict. Les r\u00e9sultats de la formation, en g\u00e9n\u00e9ral, et professionnelle, en particulier doivent \u00eatre \u00e0 la hauteur des objectifs escompt\u00e9s, sinon les budgets colossaux allou\u00e9s dans ce cadre ne seront qu\u2019un grand coup d\u2019\u00e9p\u00e9e dans l\u2019eau\u00a0!<\/p>\n<p class=\"c4\">R\u00e9cemment, une nouvelle Feuille de Route relative \u00e0 la formation professionnelle et \u00e0 la cr\u00e9ation de \u00abCit\u00e9s des M\u00e9tiers et des Comp\u00e9tences\u00bb, a \u00e9t\u00e9 pr\u00e9sent\u00e9 devant SM le Roi Mohammed VI. El Mouloudi Benhamane, pr\u00e9sident de la F\u00e9d\u00e9ration nationale du b\u00e2timent et des travaux publics (FNBTP), a indiqu\u00e9 \u00e0 cette occasion, que cette nouvelle strat\u00e9gie adopte une d\u00e9marche \u00abexcellente\u00bb \u00e0 m\u00eame d\u2019acc\u00e9l\u00e9rer le d\u00e9veloppement de structures multisectorielles et multifonctionnelles dans toutes les r\u00e9gions du Royaume. Il a, par ailleurs, relev\u00e9 la n\u00e9cessit\u00e9 d\u2019int\u00e9grer les professionnels et surtout les professions qui pr\u00e9sentent une capacit\u00e9 d\u2019emploi, le but \u00e9tant d\u2019orienter la formation vers le march\u00e9 du travail.<\/p>\n<p class=\"c4\">Sa\u00efd Amzazi, ministre de l\u2019\u00e9ducation nationale, a indiqu\u00e9 que les nouveaux centres seront d\u00e9ploy\u00e9s dans toutes les r\u00e9gions du Royaume en fonction des \u00absp\u00e9cificit\u00e9s et des potentialit\u00e9s de chaque r\u00e9gion\u00bb. Ainsi, le digital offshoring par exemple, qui est un secteur performant, a expliqu\u00e9 le ministre, va \u00eatre g\u00e9n\u00e9ralis\u00e9 dans toutes les r\u00e9gions du Royaume, donnant l\u2019occasion aux jeunes d\u2019avoir des qualifications qui faciliteront leur insertion professionnelle.<\/p>\n<p class=\"c4\">L\u2019intelligence artificielle, quant \u00e0 elle, va d\u00e9marrer \u00e0 Casablanca et \u00e0 Rabat comme premi\u00e8res r\u00e9gions, avant d\u2019\u00eatre \u00e9galement d\u00e9ploy\u00e9e ailleurs, a poursuivi le ministre, ajoutant que le secteur agricole et industriel s\u2019\u00e9largira \u00e0 toutes les r\u00e9gions o\u00f9 il y a eu un potentiel agricole et industriel important.<\/p>\n<p>Auteur: rahal mehamed<br \/>\n<a href=\"http:\/\/albayane.press.ma\/formation-une-feuille-de-route-a-la-hauteur-des-ambitions.html\">Cliquez ici pour lire l&rsquo;article depuis sa source.<\/a><\/p>\n","protected":false},"excerpt":{"rendered":"<p>Le Maroc a avanc\u00e9 \u00e0 pas de g\u00e9ant dans le domaine de la formation professionnelle au cours des 15 derni\u00e8res ann\u00e9es\u00a0: constructions et \u00e9quipement des centres, nombre important de b\u00e9n\u00e9ficiaires\u2026 Mais tous ces efforts sont toujours insuffisants pour r\u00e9pondre aux besoins du milieu professionnel de plus en plus exigeant, sachant que m\u00eame l\u2019entreprise fait face [&hellip;]<\/p>\n","protected":false},"author":1760,"featured_media":0,"comment_status":"closed","ping_status":"closed","sticky":false,"template":"","format":"standard","meta":{"fifu_image_url":"","fifu_image_alt":"","footnotes":""},"categories":[73,54],"tags":[],"class_list":["post-26553","post","type-post","status-publish","format-standard","hentry","category-actualite","category-maroc"],"_links":{"self":[{"href":"https:\/\/linitiative.ca\/International\/wp-json\/wp\/v2\/posts\/26553","targetHints":{"allow":["GET"]}}],"collection":[{"href":"https:\/\/linitiative.ca\/International\/wp-json\/wp\/v2\/posts"}],"about":[{"href":"https:\/\/linitiative.ca\/International\/wp-json\/wp\/v2\/types\/post"}],"author":[{"embeddable":true,"href":"https:\/\/linitiative.ca\/International\/wp-json\/wp\/v2\/users\/1760"}],"replies":[{"embeddable":true,"href":"https:\/\/linitiative.ca\/International\/wp-json\/wp\/v2\/comments?post=26553"}],"version-history":[{"count":0,"href":"https:\/\/linitiative.ca\/International\/wp-json\/wp\/v2\/posts\/26553\/revisions"}],"wp:attachment":[{"href":"https:\/\/linitiative.ca\/International\/wp-json\/wp\/v2\/media?parent=26553"}],"wp:term":[{"taxonomy":"category","embeddable":true,"href":"https:\/\/linitiative.ca\/International\/wp-json\/wp\/v2\/categories?post=26553"},{"taxonomy":"post_tag","embeddable":true,"href":"https:\/\/linitiative.ca\/International\/wp-json\/wp\/v2\/tags?post=26553"}],"curies":[{"name":"wp","href":"https:\/\/api.w.org\/{rel}","templated":true}]}}