{"id":26571,"date":"2019-04-08T04:00:00","date_gmt":"2019-04-08T08:00:00","guid":{"rendered":"https:\/\/linitiative.ca\/International\/le-certificat-de-debut-dactivite-digitalise\/"},"modified":"2019-04-08T04:00:00","modified_gmt":"2019-04-08T08:00:00","slug":"le-certificat-de-debut-dactivite-digitalise","status":"publish","type":"post","link":"https:\/\/linitiative.ca\/International\/le-certificat-de-debut-dactivite-digitalise\/","title":{"rendered":"Le certificat de d\u00e9but  d\u2019activit\u00e9 digitalis\u00e9"},"content":{"rendered":"<p>L\u2019attestation de d\u00e9but d\u2019activit\u00e9, exig\u00e9e pour b\u00e9n\u00e9ficier de l\u2019exon\u00e9ration de TVA \u00e0 l\u2019importation (article 123 du CGI), sera remplac\u00e9e par un \u00e9change informatique des donn\u00e9es entre la douane et l\u2019administration fiscale. Ainsi, lors de l\u2019enregistrement des d\u00e9clarations d\u2019importation de biens d\u2019\u00e9quipement, le syst\u00e8me Badr v\u00e9rifiera automatiquement l\u2019\u00e9ligibilit\u00e9 de l\u2019op\u00e9rateur \u00e0 l\u2019exon\u00e9ration. En cas d\u2019in\u00e9ligibilit\u00e9, la d\u00e9claration ne pourra pas s\u2019effectuer. Le message d\u2019erreur suivant s\u2019affichera: \u00abL\u2019op\u00e9rateur soumissionnaire n\u2019est pas exon\u00e9r\u00e9 de la TVA\u00bb. L\u2019importateur devra soit r\u00e9gulariser sa situation aupr\u00e8s de la DGI, soit renoncer \u00e0 la franchise de TVA. H.E.<\/p>\n<p>Auteur: leco_web_admin<br \/>\n<a href=\"https:\/\/www.leconomiste.com\/article\/1043323-le-certificat-de-debut-d-activite-digitalise\">Cliquez ici pour lire l&rsquo;article depuis sa source.<\/a><\/p>\n","protected":false},"excerpt":{"rendered":"<p>L\u2019attestation de d\u00e9but d\u2019activit\u00e9, exig\u00e9e pour b\u00e9n\u00e9ficier de l\u2019exon\u00e9ration de TVA \u00e0 l\u2019importation (article 123 du CGI), sera remplac\u00e9e par un \u00e9change informatique des donn\u00e9es entre la douane et l\u2019administration fiscale. Ainsi, lors de l\u2019enregistrement des d\u00e9clarations d\u2019importation de biens d\u2019\u00e9quipement, le syst\u00e8me Badr v\u00e9rifiera automatiquement l\u2019\u00e9ligibilit\u00e9 de l\u2019op\u00e9rateur \u00e0 l\u2019exon\u00e9ration. En cas d\u2019in\u00e9ligibilit\u00e9, la [&hellip;]<\/p>\n","protected":false},"author":1763,"featured_media":0,"comment_status":"closed","ping_status":"closed","sticky":false,"template":"","format":"standard","meta":{"fifu_image_url":"","fifu_image_alt":"","footnotes":""},"categories":[78,54],"tags":[],"class_list":["post-26571","post","type-post","status-publish","format-standard","hentry","category-economie","category-maroc"],"_links":{"self":[{"href":"https:\/\/linitiative.ca\/International\/wp-json\/wp\/v2\/posts\/26571","targetHints":{"allow":["GET"]}}],"collection":[{"href":"https:\/\/linitiative.ca\/International\/wp-json\/wp\/v2\/posts"}],"about":[{"href":"https:\/\/linitiative.ca\/International\/wp-json\/wp\/v2\/types\/post"}],"author":[{"embeddable":true,"href":"https:\/\/linitiative.ca\/International\/wp-json\/wp\/v2\/users\/1763"}],"replies":[{"embeddable":true,"href":"https:\/\/linitiative.ca\/International\/wp-json\/wp\/v2\/comments?post=26571"}],"version-history":[{"count":0,"href":"https:\/\/linitiative.ca\/International\/wp-json\/wp\/v2\/posts\/26571\/revisions"}],"wp:attachment":[{"href":"https:\/\/linitiative.ca\/International\/wp-json\/wp\/v2\/media?parent=26571"}],"wp:term":[{"taxonomy":"category","embeddable":true,"href":"https:\/\/linitiative.ca\/International\/wp-json\/wp\/v2\/categories?post=26571"},{"taxonomy":"post_tag","embeddable":true,"href":"https:\/\/linitiative.ca\/International\/wp-json\/wp\/v2\/tags?post=26571"}],"curies":[{"name":"wp","href":"https:\/\/api.w.org\/{rel}","templated":true}]}}