{"id":26573,"date":"2019-04-08T04:00:00","date_gmt":"2019-04-08T08:00:00","guid":{"rendered":"https:\/\/linitiative.ca\/International\/vacances-studieuses-pour-les-eleves-du-public-merci-la-greve\/"},"modified":"2019-04-08T04:00:00","modified_gmt":"2019-04-08T08:00:00","slug":"vacances-studieuses-pour-les-eleves-du-public-merci-la-greve","status":"publish","type":"post","link":"https:\/\/linitiative.ca\/International\/vacances-studieuses-pour-les-eleves-du-public-merci-la-greve\/","title":{"rendered":"Vacances studieuses pour  les \u00e9l\u00e8ves du public\u2026  Merci la gr\u00e8ve!"},"content":{"rendered":"<p class=\"rtejustify\">\u00a0Au lieu de profiter de leurs vacances du printemps (du dimanche 31 mars au dimanche 14 avril), des milliers d\u2019\u00e9l\u00e8ves de l\u2019\u00e9cole publique sont oblig\u00e9s de suivre des cours de rattrapage. Des enseignants sont mobilis\u00e9s pour des heures sup, b\u00e9n\u00e9volement, afin de leur permettre de rattraper leur retard. Et pour cause, les quatre semaines de gr\u00e8ve men\u00e9es par les ex-profs contractuels. Les cours se d\u00e9rouleront tout au long des deux semaines de vacances, jusqu\u2019au 13 avril pour certaines r\u00e9gions. A.Na\u00a0\u00a0<\/p>\n<p>Auteur: leco_web_admin<br \/>\n<a href=\"https:\/\/www.leconomiste.com\/article\/1043320-vacances-studieuses-pour-les-eleves-du-public-merci-la-greve\">Cliquez ici pour lire l&rsquo;article depuis sa source.<\/a><\/p>\n","protected":false},"excerpt":{"rendered":"<p>\u00a0Au lieu de profiter de leurs vacances du printemps (du dimanche 31 mars au dimanche 14 avril), des milliers d\u2019\u00e9l\u00e8ves de l\u2019\u00e9cole publique sont oblig\u00e9s de suivre des cours de rattrapage. Des enseignants sont mobilis\u00e9s pour des heures sup, b\u00e9n\u00e9volement, afin de leur permettre de rattraper leur retard. Et pour cause, les quatre semaines de [&hellip;]<\/p>\n","protected":false},"author":1763,"featured_media":0,"comment_status":"closed","ping_status":"closed","sticky":false,"template":"","format":"standard","meta":{"fifu_image_url":"","fifu_image_alt":"","footnotes":""},"categories":[78,54],"tags":[],"class_list":["post-26573","post","type-post","status-publish","format-standard","hentry","category-economie","category-maroc"],"_links":{"self":[{"href":"https:\/\/linitiative.ca\/International\/wp-json\/wp\/v2\/posts\/26573","targetHints":{"allow":["GET"]}}],"collection":[{"href":"https:\/\/linitiative.ca\/International\/wp-json\/wp\/v2\/posts"}],"about":[{"href":"https:\/\/linitiative.ca\/International\/wp-json\/wp\/v2\/types\/post"}],"author":[{"embeddable":true,"href":"https:\/\/linitiative.ca\/International\/wp-json\/wp\/v2\/users\/1763"}],"replies":[{"embeddable":true,"href":"https:\/\/linitiative.ca\/International\/wp-json\/wp\/v2\/comments?post=26573"}],"version-history":[{"count":0,"href":"https:\/\/linitiative.ca\/International\/wp-json\/wp\/v2\/posts\/26573\/revisions"}],"wp:attachment":[{"href":"https:\/\/linitiative.ca\/International\/wp-json\/wp\/v2\/media?parent=26573"}],"wp:term":[{"taxonomy":"category","embeddable":true,"href":"https:\/\/linitiative.ca\/International\/wp-json\/wp\/v2\/categories?post=26573"},{"taxonomy":"post_tag","embeddable":true,"href":"https:\/\/linitiative.ca\/International\/wp-json\/wp\/v2\/tags?post=26573"}],"curies":[{"name":"wp","href":"https:\/\/api.w.org\/{rel}","templated":true}]}}