{"id":26574,"date":"2019-04-08T04:00:00","date_gmt":"2019-04-08T08:00:00","guid":{"rendered":"https:\/\/linitiative.ca\/International\/journee-detude-sur-le-projet-de-loi-relatif-a-lenseignement\/"},"modified":"2019-04-08T04:00:00","modified_gmt":"2019-04-08T08:00:00","slug":"journee-detude-sur-le-projet-de-loi-relatif-a-lenseignement","status":"publish","type":"post","link":"https:\/\/linitiative.ca\/International\/journee-detude-sur-le-projet-de-loi-relatif-a-lenseignement\/","title":{"rendered":"Journ\u00e9e d\u2019\u00e9tude sur le projet de loi relatif \u00e0 l\u2019enseignement"},"content":{"rendered":"<p class=\"rtejustify\">Le groupe parlementaire de la CGEM organise, mardi 9 avril, une journ\u00e9e d\u2019\u00e9tude sur le projet de loi-cadre controvers\u00e9 relatif \u00e0 l\u2019\u00e9ducation. Pour les conseillers relevant du patronat, il s\u2019agit d\u2019une condition incontournable pour l\u2019\u00e9laboration d\u2019un nouveau mod\u00e8le de d\u00e9veloppement.<br \/>La rencontre sera marqu\u00e9e par la pr\u00e9sence du chef du gouvernement, du ministre de l\u2019Education, des pr\u00e9sidents des deux Chambres du Parlement, du patron des patrons, du pr\u00e9sident du CSEFRS&#8230; Le monde de la formation et de l\u2019\u00e9ducation sera repr\u00e9sent\u00e9 par la directrice g\u00e9n\u00e9rale de l\u2019OFPPT, les pr\u00e9sidents de l\u2019Alliance de l\u2019enseignement priv\u00e9, de la Conf\u00e9rence des grandes \u00e9coles et de la F\u00e9d\u00e9ration de la formation professionnelle. H.E.<\/p>\n<p>Auteur: leco_web_admin<br \/>\n<a href=\"https:\/\/www.leconomiste.com\/article\/1043319-journee-d-etude-sur-le-projet-de-loi-relatif-l-enseignement\">Cliquez ici pour lire l&rsquo;article depuis sa source.<\/a><\/p>\n","protected":false},"excerpt":{"rendered":"<p>Le groupe parlementaire de la CGEM organise, mardi 9 avril, une journ\u00e9e d\u2019\u00e9tude sur le projet de loi-cadre controvers\u00e9 relatif \u00e0 l\u2019\u00e9ducation. Pour les conseillers relevant du patronat, il s\u2019agit d\u2019une condition incontournable pour l\u2019\u00e9laboration d\u2019un nouveau mod\u00e8le de d\u00e9veloppement.La rencontre sera marqu\u00e9e par la pr\u00e9sence du chef du gouvernement, du ministre de l\u2019Education, des [&hellip;]<\/p>\n","protected":false},"author":1763,"featured_media":0,"comment_status":"closed","ping_status":"closed","sticky":false,"template":"","format":"standard","meta":{"fifu_image_url":"","fifu_image_alt":"","footnotes":""},"categories":[78,54],"tags":[],"class_list":["post-26574","post","type-post","status-publish","format-standard","hentry","category-economie","category-maroc"],"_links":{"self":[{"href":"https:\/\/linitiative.ca\/International\/wp-json\/wp\/v2\/posts\/26574","targetHints":{"allow":["GET"]}}],"collection":[{"href":"https:\/\/linitiative.ca\/International\/wp-json\/wp\/v2\/posts"}],"about":[{"href":"https:\/\/linitiative.ca\/International\/wp-json\/wp\/v2\/types\/post"}],"author":[{"embeddable":true,"href":"https:\/\/linitiative.ca\/International\/wp-json\/wp\/v2\/users\/1763"}],"replies":[{"embeddable":true,"href":"https:\/\/linitiative.ca\/International\/wp-json\/wp\/v2\/comments?post=26574"}],"version-history":[{"count":0,"href":"https:\/\/linitiative.ca\/International\/wp-json\/wp\/v2\/posts\/26574\/revisions"}],"wp:attachment":[{"href":"https:\/\/linitiative.ca\/International\/wp-json\/wp\/v2\/media?parent=26574"}],"wp:term":[{"taxonomy":"category","embeddable":true,"href":"https:\/\/linitiative.ca\/International\/wp-json\/wp\/v2\/categories?post=26574"},{"taxonomy":"post_tag","embeddable":true,"href":"https:\/\/linitiative.ca\/International\/wp-json\/wp\/v2\/tags?post=26574"}],"curies":[{"name":"wp","href":"https:\/\/api.w.org\/{rel}","templated":true}]}}