{"id":26575,"date":"2019-04-08T04:00:00","date_gmt":"2019-04-08T08:00:00","guid":{"rendered":"https:\/\/linitiative.ca\/International\/loi-cadre-sur-lenseignement-el-othmani-doit-trancher\/"},"modified":"2019-04-08T04:00:00","modified_gmt":"2019-04-08T08:00:00","slug":"loi-cadre-sur-lenseignement-el-othmani-doit-trancher","status":"publish","type":"post","link":"https:\/\/linitiative.ca\/International\/loi-cadre-sur-lenseignement-el-othmani-doit-trancher\/","title":{"rendered":"Loi-cadre sur  l\u2019enseignement: El Othmani doit trancher"},"content":{"rendered":"<p>Suite au blocage oppos\u00e9 \u00e0 la loi-cadre sur l\u2019enseignement par le groupe parlementaire du PJD, tous les yeux sont aujourd\u2019hui riv\u00e9s sur le chef du gouvernement, Sa\u00e2deddine El Othmani. Le chef de la majorit\u00e9 et SG du PJD est appel\u00e9 \u00e0 trouver une issue au blocage (<a href=\"https:\/\/www.leconomiste.com\/archive\/edition\/5489\">voir aussi notre \u00e9ditorial<\/a>). A.Na<\/p>\n<p>Auteur: leco_web_admin<br \/>\n<a href=\"https:\/\/www.leconomiste.com\/article\/1043317-loi-cadre-sur-l-enseignement-el-othmani-doit-trancher\">Cliquez ici pour lire l&rsquo;article depuis sa source.<\/a><\/p>\n","protected":false},"excerpt":{"rendered":"<p>Suite au blocage oppos\u00e9 \u00e0 la loi-cadre sur l\u2019enseignement par le groupe parlementaire du PJD, tous les yeux sont aujourd\u2019hui riv\u00e9s sur le chef du gouvernement, Sa\u00e2deddine El Othmani. Le chef de la majorit\u00e9 et SG du PJD est appel\u00e9 \u00e0 trouver une issue au blocage (voir aussi notre \u00e9ditorial). A.Na Auteur: leco_web_admin Cliquez ici [&hellip;]<\/p>\n","protected":false},"author":1763,"featured_media":0,"comment_status":"closed","ping_status":"closed","sticky":false,"template":"","format":"standard","meta":{"fifu_image_url":"","fifu_image_alt":"","footnotes":""},"categories":[78,54],"tags":[],"class_list":["post-26575","post","type-post","status-publish","format-standard","hentry","category-economie","category-maroc"],"_links":{"self":[{"href":"https:\/\/linitiative.ca\/International\/wp-json\/wp\/v2\/posts\/26575","targetHints":{"allow":["GET"]}}],"collection":[{"href":"https:\/\/linitiative.ca\/International\/wp-json\/wp\/v2\/posts"}],"about":[{"href":"https:\/\/linitiative.ca\/International\/wp-json\/wp\/v2\/types\/post"}],"author":[{"embeddable":true,"href":"https:\/\/linitiative.ca\/International\/wp-json\/wp\/v2\/users\/1763"}],"replies":[{"embeddable":true,"href":"https:\/\/linitiative.ca\/International\/wp-json\/wp\/v2\/comments?post=26575"}],"version-history":[{"count":0,"href":"https:\/\/linitiative.ca\/International\/wp-json\/wp\/v2\/posts\/26575\/revisions"}],"wp:attachment":[{"href":"https:\/\/linitiative.ca\/International\/wp-json\/wp\/v2\/media?parent=26575"}],"wp:term":[{"taxonomy":"category","embeddable":true,"href":"https:\/\/linitiative.ca\/International\/wp-json\/wp\/v2\/categories?post=26575"},{"taxonomy":"post_tag","embeddable":true,"href":"https:\/\/linitiative.ca\/International\/wp-json\/wp\/v2\/tags?post=26575"}],"curies":[{"name":"wp","href":"https:\/\/api.w.org\/{rel}","templated":true}]}}