{"id":26580,"date":"2019-04-08T06:00:00","date_gmt":"2019-04-08T10:00:00","guid":{"rendered":"https:\/\/linitiative.ca\/International\/menara-holding-fait-sa-1re-sortie-continentale\/"},"modified":"2019-04-08T06:00:00","modified_gmt":"2019-04-08T10:00:00","slug":"menara-holding-fait-sa-1re-sortie-continentale","status":"publish","type":"post","link":"https:\/\/linitiative.ca\/International\/menara-holding-fait-sa-1re-sortie-continentale\/","title":{"rendered":"M\u00e9nara Holding fait sa 1re sortie continentale"},"content":{"rendered":"<div readability=\"34\">\n<p>Le groupe ouvre ses filiales \u00e0 Abidjan en C\u00f4te d\u2019Ivoire<\/p>\n<p>Et veut devenir le r\u00e9f\u00e9rent en Afrique des m\u00e9tiers de base du BTP<\/p>\n<\/div>\n<div readability=\"68.361357501\">\n<div class=\"dnd-atom-wrapper type-image context-sdl_editor_representation\" contenteditable=\"false\" readability=\"31.5\">\n<div class=\"dnd-drop-wrapper image\"><img loading=\"lazy\" decoding=\"async\" typeof=\"foaf:Image\" class=\"img-responsive\" src=\"https:\/\/www.leconomiste.com\/sites\/default\/files\/eco7\/public\/thumbnails\/image\/menara_holding.jpg\" width=\"660\" height=\"279\" alt=\"menara_holding.jpg\" title=\"menara_holding.jpg\"\/><\/div>\n<\/div>\n<p>Le groupe familial M\u00e9nara Holding se d\u00e9veloppe sans faire de vagues. Sans jamais trop en d\u00e9voiler, il encha\u00eene les projets au Maroc comme \u00e0 l\u2019\u00e9tranger. Les ambitions africaines de ce g\u00e9ant marocain du BTP poursuivent leurs d\u00e9veloppements, comme annonc\u00e9 il y a plusieurs mois (voir <a href=\"https:\/\/www.leconomiste.com\/archive\/edition\/5353\">L&rsquo;Edition\u00a0du 19\/11\/2018<\/a>). C\u2019est ainsi que l\u2019entreprise vient tout juste d\u2019acter son implantation \u00e0 Abidjan en C\u00f4te d\u2019Ivoire avec ses nouvelles filiales \u00abM\u00e9nara Pr\u00e9fa\u00bb et \u00abCarri\u00e8res Transport M\u00e9nara\u00bb. Bien s\u00fbr, la holding s\u2019est dot\u00e9e d\u2019un cadre juridique et commercial ad\u00e9quat et s\u2019appuie sur des partenaires in situ. Le groupe s\u2019impose aujourd\u2019hui comme le r\u00e9f\u00e9rent continental des m\u00e9tiers de base dans le BTP.<\/p>\n<p>Une attention toute particuli\u00e8re est en effet port\u00e9e \u00e0 l\u2019Afrique, suivant les multiples protocoles d\u2019accords \u00e9conomiques Sud-Sud accomplis par le Roi Mohammed VI. \u00abNous menons, depuis plusieurs ann\u00e9es, une r\u00e9flexion pour nous implanter en Afrique. Mais il nous fallait pour cela \u00eatre pr\u00eats et avoir un mod\u00e8le \u00e9conomique duplicable avec son organisation, indique Mohamed Zahid, pr\u00e9sident directeur g\u00e9n\u00e9ral de M\u00e9nara Holding, dans un communiqu\u00e9 du groupe. En optant pour des implantations africaines, il s\u2019agit d\u2019un transfert de savoir-faire, de comp\u00e9tences, d\u2019unit\u00e9s de production et, m\u00eame, dans un futur proche, de l\u2019acad\u00e9mie M\u00e9nara, qui forme aux m\u00e9tiers du BTP.<\/p>\n<p>Avant de sortir des fronti\u00e8res nationales, le groupe a men\u00e9 une transformation en interne. Premi\u00e8re \u00e9tape, il s\u2019agissait d\u2019organiser ses diff\u00e9rentes structures autour d\u2019une entit\u00e9 m\u00e8re. Il a ensuite entrepris une v\u00e9ritable mise \u00e0 niveau\u00a0 technologique. Ainsi, pour les mat\u00e9riaux de construction, l\u2019entreprise est \u00e0 la pointe de la technologie pour servir les gros march\u00e9s. En mati\u00e8re environnementale, m\u00eame exigence. Les investissements n\u00e9cessaires pour traiter les eaux us\u00e9es et les r\u00e9utiliser ont \u00e9t\u00e9 op\u00e9r\u00e9s, et des solutions \u00abz\u00e9ro d\u00e9chets\u00bb ont \u00e9t\u00e9 mises en place. Enfin, le groupe est en train de pr\u00e9parer une entr\u00e9e en bourse de sa filiale marocaine M\u00e9nara Pr\u00e9fa, aboutissement logique du processus de restructuration entam\u00e9 en interne depuis 2004. Une IPO qui r\u00e9pond aux objectifs d\u2019expansion de M\u00e9nara Holding au Maroc et en Afrique. La C\u00f4te d\u2019Ivoire \u00e9tant la premi\u00e8re sortie continentale de l\u2019entreprise.<br \/>J. A.<\/p>\n<\/div>\n<p>Auteur: leco_web_admin<br \/>\n<a href=\"https:\/\/www.leconomiste.com\/article\/1043291-menara-holding-fait-sa-1re-sortie-continentale\">Cliquez ici pour lire l&rsquo;article depuis sa source.<\/a><\/p>\n","protected":false},"excerpt":{"rendered":"<p>Le groupe ouvre ses filiales \u00e0 Abidjan en C\u00f4te d\u2019Ivoire Et veut devenir le r\u00e9f\u00e9rent en Afrique des m\u00e9tiers de base du BTP Le groupe familial M\u00e9nara Holding se d\u00e9veloppe sans faire de vagues. Sans jamais trop en d\u00e9voiler, il encha\u00eene les projets au Maroc comme \u00e0 l\u2019\u00e9tranger. Les ambitions africaines de ce g\u00e9ant marocain [&hellip;]<\/p>\n","protected":false},"author":1763,"featured_media":26581,"comment_status":"closed","ping_status":"closed","sticky":false,"template":"","format":"standard","meta":{"fifu_image_url":"","fifu_image_alt":"","footnotes":""},"categories":[78,54],"tags":[],"class_list":["post-26580","post","type-post","status-publish","format-standard","has-post-thumbnail","hentry","category-economie","category-maroc"],"_links":{"self":[{"href":"https:\/\/linitiative.ca\/International\/wp-json\/wp\/v2\/posts\/26580","targetHints":{"allow":["GET"]}}],"collection":[{"href":"https:\/\/linitiative.ca\/International\/wp-json\/wp\/v2\/posts"}],"about":[{"href":"https:\/\/linitiative.ca\/International\/wp-json\/wp\/v2\/types\/post"}],"author":[{"embeddable":true,"href":"https:\/\/linitiative.ca\/International\/wp-json\/wp\/v2\/users\/1763"}],"replies":[{"embeddable":true,"href":"https:\/\/linitiative.ca\/International\/wp-json\/wp\/v2\/comments?post=26580"}],"version-history":[{"count":0,"href":"https:\/\/linitiative.ca\/International\/wp-json\/wp\/v2\/posts\/26580\/revisions"}],"wp:featuredmedia":[{"embeddable":true,"href":"https:\/\/linitiative.ca\/International\/wp-json\/"}],"wp:attachment":[{"href":"https:\/\/linitiative.ca\/International\/wp-json\/wp\/v2\/media?parent=26580"}],"wp:term":[{"taxonomy":"category","embeddable":true,"href":"https:\/\/linitiative.ca\/International\/wp-json\/wp\/v2\/categories?post=26580"},{"taxonomy":"post_tag","embeddable":true,"href":"https:\/\/linitiative.ca\/International\/wp-json\/wp\/v2\/tags?post=26580"}],"curies":[{"name":"wp","href":"https:\/\/api.w.org\/{rel}","templated":true}]}}