{"id":26586,"date":"2019-04-08T15:14:43","date_gmt":"2019-04-08T19:14:43","guid":{"rendered":"https:\/\/linitiative.ca\/International\/ligue-1-2-csc-fin-de-saison-pour-rahmani\/"},"modified":"2019-04-08T15:14:43","modified_gmt":"2019-04-08T19:14:43","slug":"ligue-1-2-csc-fin-de-saison-pour-rahmani","status":"publish","type":"post","link":"https:\/\/linitiative.ca\/International\/ligue-1-2-csc-fin-de-saison-pour-rahmani\/","title":{"rendered":"Ligue 1 &amp; 2 : CSC : Fin de saison pour Rahmani"},"content":{"rendered":"<div readability=\"32\">\n<p>Auteur : <span>Hamza S.<\/span> <span class=\"time\">lundi 08 avril 2019 10:37<\/span><\/p>\n<\/div>\n<div id=\"post_core\" readability=\"81\">\n<p>Coup dur pour le gardien de but du CSC et pour l\u2019\u00e9quipe. Puisque le keeper Rahmani, qui a d\u00fb c\u00e9der sa place juste apr\u00e8s le 3e but de l\u2019ES Tunis, souffre d\u2019une blessure au coude. Transf\u00e9r\u00e9 en urgence \u00e0 l\u2019h\u00f4pital de Constantine, les r\u00e9sultats de la radio n\u2019\u00e9taient pas rassurants, puisque le keeper constantinois sera indisponible pour une p\u00e9riode de plus d\u2019un mois. Du coup, c\u2019est la fin de saison pour le gardien du CSC qui ne pourra pas jouer le reste des rencontres dans les diff\u00e9rentes comp\u00e9titions o\u00f9 son \u00e9quipe est engag\u00e9e.<\/p>\n<p><strong>Il souffre d\u2019une blessure au coude<\/strong><br \/>Finalement sa blessure s\u2019est av\u00e9r\u00e9e grave, puisque les r\u00e9sultats de la radio ont confirm\u00e9 la blessure au coude, apr\u00e8s sa mauvaise chute sur l\u2019action du troisi\u00e8me but de l\u2019ES Tunis. Une blessure qui n\u00e9cessite un repos total, avant que le portier du CSC n\u2019entame les s\u00e9ances de r\u00e9\u00e9ducation.<\/p>\n<p><strong>Il a quitt\u00e9 l\u2019h\u00f4pital de Constantine avant-hier soir<\/strong><br \/>Pris en charge sur place une fois arriv\u00e9 \u00e0 l\u2019h\u00f4pital de Constantine, Chemseddine Rahmani a quitt\u00e9 les lieux dans la m\u00eame soir\u00e9e du match. Il n\u2019a pas pass\u00e9 la nuit \u00e0 l\u2019h\u00f4pital et il est rentr\u00e9 chez lui pour se reposer et se ressourcer aupr\u00e8s de sa famille. Il \u00e9tait tr\u00e8s affect\u00e9 de cette blessure mais surtout de la d\u00e9faite de son \u00e9quipe en ce match aller des \u00bc de finale face au tenant du titre, l\u2019ES\u00a0 Tunis.<\/p>\n<p><strong>Il \u00f4tera le pl\u00e2tre dans trois semaines<\/strong><br \/>Le m\u00e9decin a prescrit au gardien de but Rahmani trois semaines de repos total, pour qu\u2019il puisse bien r\u00e9cup\u00e9rer, avant d\u2019entamer la p\u00e9riode de r\u00e9\u00e9ducation. Le gardien du CSC est tr\u00e8s affect\u00e9 de cette blessure, mais c\u2019est le destin et ce sont les risques du m\u00e9tier. Le personnel m\u00e9dical de l\u2019h\u00f4pital ont veill\u00e9 au grain et sur la sant\u00e9 de Rahmani en le prenant en charge comme il se doit en lui mettant le pl\u00e2tre qu\u2019il gardera pendant 21 jours, avant de l\u2019\u00f4ter.<\/p>\n<p><strong>Et aura pour une ou deux semaines de r\u00e9\u00e9ducation<\/strong><br \/>Une fois le pl\u00e2tre enlev\u00e9, le keeper Chemseddine Rahmani entamera sa r\u00e9\u00e9ducation. Il aura pour une jusqu\u2019\u00e0 deux semaines de travail de renforcement musculaire et de s\u00e9ances de r\u00e9\u00e9ducation, pour qu\u2019il puisse r\u00e9cup\u00e9rer ses forces. M\u00eame s\u2019il n\u2019est pas \u00e0 \u00e9carter de le voir jouer un ou deux matchs en fin de saison, mais le staff technique mise sur les deux autres concurrents, Limane et Osmani, pour le reste de la saison.<\/p>\n<p><strong>Lavagne pr\u00e9pare Limane pour le match retour \u00e0 Rad\u00e8s<\/strong><br \/>Pour le match retour de l\u2019\u00e9quipe en quart de finale retour de la Ligue des champions africaine, le coach Denis Lavagne qui a align\u00e9 le jeune Osmani apr\u00e8s la sortie de Rahmani, devra faire confiance \u00e0 Limane. Ce dernier a plus d\u2019exp\u00e9rience que Osmani et sera align\u00e9 d\u2019entr\u00e9e face \u00e0 l\u2019ES Tunis le 13 de ce mois au stade Rad\u00e8s et m\u00eame pour le reste de la saison. Mais il ne faut pas n\u00e9gliger le jeune keeper Osmani qui pourra jouer quelques matchs en championnat ou en coupe.<\/p>\n<\/div>\n<p>Auteur:<br \/>\n<a href=\"http:\/\/www.lebuteur.com\/article\/detail?titre=csc-fin-de-saison-pour-rahmani&#038;id=87819&#038;utm_source=feedburner&#038;utm_medium=feed&#038;utm_campaign=Feed%3A+GalerieFArtciles+%28Les+derniers+articles++-+lebuteur.com%29\">Cliquez ici pour lire l&rsquo;article depuis sa source.<\/a><\/p>\n","protected":false},"excerpt":{"rendered":"<p>Auteur : Hamza S. lundi 08 avril 2019 10:37 Coup dur pour le gardien de but du CSC et pour l\u2019\u00e9quipe. Puisque le keeper Rahmani, qui a d\u00fb c\u00e9der sa place juste apr\u00e8s le 3e but de l\u2019ES Tunis, souffre d\u2019une blessure au coude. Transf\u00e9r\u00e9 en urgence \u00e0 l\u2019h\u00f4pital de Constantine, les r\u00e9sultats de la [&hellip;]<\/p>\n","protected":false},"author":1738,"featured_media":26587,"comment_status":"closed","ping_status":"closed","sticky":false,"template":"","format":"standard","meta":{"fifu_image_url":"","fifu_image_alt":"","footnotes":""},"categories":[53,75],"tags":[],"class_list":["post-26586","post","type-post","status-publish","format-standard","has-post-thumbnail","hentry","category-algerie","category-sport"],"_links":{"self":[{"href":"https:\/\/linitiative.ca\/International\/wp-json\/wp\/v2\/posts\/26586","targetHints":{"allow":["GET"]}}],"collection":[{"href":"https:\/\/linitiative.ca\/International\/wp-json\/wp\/v2\/posts"}],"about":[{"href":"https:\/\/linitiative.ca\/International\/wp-json\/wp\/v2\/types\/post"}],"author":[{"embeddable":true,"href":"https:\/\/linitiative.ca\/International\/wp-json\/wp\/v2\/users\/1738"}],"replies":[{"embeddable":true,"href":"https:\/\/linitiative.ca\/International\/wp-json\/wp\/v2\/comments?post=26586"}],"version-history":[{"count":0,"href":"https:\/\/linitiative.ca\/International\/wp-json\/wp\/v2\/posts\/26586\/revisions"}],"wp:featuredmedia":[{"embeddable":true,"href":"https:\/\/linitiative.ca\/International\/wp-json\/"}],"wp:attachment":[{"href":"https:\/\/linitiative.ca\/International\/wp-json\/wp\/v2\/media?parent=26586"}],"wp:term":[{"taxonomy":"category","embeddable":true,"href":"https:\/\/linitiative.ca\/International\/wp-json\/wp\/v2\/categories?post=26586"},{"taxonomy":"post_tag","embeddable":true,"href":"https:\/\/linitiative.ca\/International\/wp-json\/wp\/v2\/tags?post=26586"}],"curies":[{"name":"wp","href":"https:\/\/api.w.org\/{rel}","templated":true}]}}