{"id":26588,"date":"2019-04-08T15:14:44","date_gmt":"2019-04-08T19:14:44","guid":{"rendered":"https:\/\/linitiative.ca\/International\/ligue-1-2-crb-attia-et-sayoud-out-face-au-drbt\/"},"modified":"2019-04-08T15:14:44","modified_gmt":"2019-04-08T19:14:44","slug":"ligue-1-2-crb-attia-et-sayoud-out-face-au-drbt","status":"publish","type":"post","link":"https:\/\/linitiative.ca\/International\/ligue-1-2-crb-attia-et-sayoud-out-face-au-drbt\/","title":{"rendered":"Ligue 1 &amp; 2 : CRB: Attia et Sayoud out face au DRBT"},"content":{"rendered":"<div readability=\"32\">\n<p>Auteur : <span>Islam Tazibt<\/span> <span class=\"time\">lundi 08 avril 2019 10:37<\/span><\/p>\n<\/div>\n<div id=\"post_core\" readability=\"60\">\n<p>Victime de plusieurs charges et autres tacles appuy\u00e9s face \u00e0 l\u2019USMA, Amir Sayoud a quitt\u00e9 le terrain de Bologhine sur la civi\u00e8re, et ce, apr\u00e8s avoir donn\u00e9 le tournis \u00e0 ses anciens co\u00e9quipiers et permis \u00e0 son \u00e9quipe de mener au score. Incertain pour cette rencontre face au DRB Tadjenanet, un club dans lequel il a \u00e9volu\u00e9 par le pass\u00e9, Sayoud manquera, comme attendu, le prochain d\u00e9placement de son \u00e9quipe. Un coup dur pour le Chabab de Belouizdad et Abdelkader Amrani qui devra se passer, lors d\u2019une rencontre aussi cruciale, de son meilleur atout offensif. Cette absence vient s\u2019ajouter \u00e0 celle de Attia, qui n\u2019a pas encore r\u00e9cup\u00e9r\u00e9 de sa blessure, et surtout \u00e0 celles de Bechou et Soumana. Le premier \u00e9tant suspendu tandis que le second n\u2019est pas qualifi\u00e9 pour ce match en retard de la 19e journ\u00e9e.<br \/><strong>Amrani pr\u00e9f\u00e8re m\u00e9nager son meneur de jeu<\/strong><br \/>Apr\u00e8s quelques heures de doute et de r\u00e9flexion, les membres du staff technique, apr\u00e8s avoir consult\u00e9 ceux du staff m\u00e9dical, ont tranch\u00e9 concernant la participation de leur meneur de jeu face au DRB Tadjenanet. La d\u00e9cision fut prise apr\u00e8s la s\u00e9ance d\u2019entrainement qui a vu Sayoud s\u2019entrainer en marge du groupe. Le meneur de jeu belouizdadi se plaint toujours de douleurs musculaires et surtout de la cheville. R\u00e9sultat : Amrani et son staff ont refus\u00e9 de prendre un quelconque risque. Ils ont pr\u00e9f\u00e9r\u00e9 accorder un peu plus de repos au joueur afin de le r\u00e9cup\u00e9rer frais et en possession de tous ses moyens physiques lors des prochaines rencontres, notamment celle en coupe d\u2019Alg\u00e9rie face au CS Constantine.<br \/><strong>Nessakh avec le groupe, mais\u2026<\/strong><br \/>De son c\u00f4t\u00e9, Chemseddine Nessakh se plaint aussi de douleurs \u00e0 la cuisse. Le capitaine du Chabab de Belouizdad s\u2019est d\u2019ailleurs entrain\u00e9 en marge du groupe hier. Il a effectu\u00e9 quelques exercices en salle de gym avant de poursuivre son travail sur le terrain, toujours en solo et sous l\u2019\u0153il attentif de Boudjenane, le pr\u00e9parateur physique du club qui suit de tr\u00e8s pr\u00e8s le natif d\u2019Oran. N\u00e9anmoins, et contrairement \u00e0 Sayoud, Nessakh a \u00e9t\u00e9 retenu avec le groupe pour le d\u00e9placement de demain \u00e0 Tadjenanet. M\u00eame s\u2019il a de faibles chances de d\u00e9buter, Nessakh devrait toutefois prendre place sur le banc de touche.<br \/><strong>Herida prendra sa place dans l\u2019axe<\/strong><br \/>Pour pallier l\u2019absence de Nessakh dans l\u2019axe de la d\u00e9fense, Abdelkader Amrani devrait faire appel \u00e0 Mohamed Herida. Ce dernier affiche une bonne forme \u00e0 l\u2019entrainement et se pr\u00e9sente comme un rempla\u00e7ant de qualit\u00e9 dans un secteur assez bien fourni. Un secteur qui fait d\u2019ailleurs la force du Chabab de Belouizdad version Amrani. Pour preuve, le club de La\u00e2qiba encaissait en moyenne plus d\u2019un but par match lors de la phase aller (18 buts en 15 journ\u00e9es) tandis que depuis le d\u00e9but de la phase retour, seuls six buts ont \u00e9t\u00e9 conc\u00e9d\u00e9s en huit journ\u00e9es.<br \/>\u00a0<\/p>\n<\/div>\n<p>Auteur:<br \/>\n<a href=\"http:\/\/www.lebuteur.com\/article\/detail?titre=crb-attia-et-sayoud-out-face-au-drbt&#038;id=87818&#038;utm_source=feedburner&#038;utm_medium=feed&#038;utm_campaign=Feed%3A+GalerieFArtciles+%28Les+derniers+articles++-+lebuteur.com%29\">Cliquez ici pour lire l&rsquo;article depuis sa source.<\/a><\/p>\n","protected":false},"excerpt":{"rendered":"<p>Auteur : Islam Tazibt lundi 08 avril 2019 10:37 Victime de plusieurs charges et autres tacles appuy\u00e9s face \u00e0 l\u2019USMA, Amir Sayoud a quitt\u00e9 le terrain de Bologhine sur la civi\u00e8re, et ce, apr\u00e8s avoir donn\u00e9 le tournis \u00e0 ses anciens co\u00e9quipiers et permis \u00e0 son \u00e9quipe de mener au score. Incertain pour cette rencontre [&hellip;]<\/p>\n","protected":false},"author":1738,"featured_media":26589,"comment_status":"closed","ping_status":"closed","sticky":false,"template":"","format":"standard","meta":{"fifu_image_url":"","fifu_image_alt":"","footnotes":""},"categories":[53,75],"tags":[],"class_list":["post-26588","post","type-post","status-publish","format-standard","has-post-thumbnail","hentry","category-algerie","category-sport"],"_links":{"self":[{"href":"https:\/\/linitiative.ca\/International\/wp-json\/wp\/v2\/posts\/26588","targetHints":{"allow":["GET"]}}],"collection":[{"href":"https:\/\/linitiative.ca\/International\/wp-json\/wp\/v2\/posts"}],"about":[{"href":"https:\/\/linitiative.ca\/International\/wp-json\/wp\/v2\/types\/post"}],"author":[{"embeddable":true,"href":"https:\/\/linitiative.ca\/International\/wp-json\/wp\/v2\/users\/1738"}],"replies":[{"embeddable":true,"href":"https:\/\/linitiative.ca\/International\/wp-json\/wp\/v2\/comments?post=26588"}],"version-history":[{"count":0,"href":"https:\/\/linitiative.ca\/International\/wp-json\/wp\/v2\/posts\/26588\/revisions"}],"wp:featuredmedia":[{"embeddable":true,"href":"https:\/\/linitiative.ca\/International\/wp-json\/"}],"wp:attachment":[{"href":"https:\/\/linitiative.ca\/International\/wp-json\/wp\/v2\/media?parent=26588"}],"wp:term":[{"taxonomy":"category","embeddable":true,"href":"https:\/\/linitiative.ca\/International\/wp-json\/wp\/v2\/categories?post=26588"},{"taxonomy":"post_tag","embeddable":true,"href":"https:\/\/linitiative.ca\/International\/wp-json\/wp\/v2\/tags?post=26588"}],"curies":[{"name":"wp","href":"https:\/\/api.w.org\/{rel}","templated":true}]}}