{"id":26594,"date":"2019-04-08T15:14:47","date_gmt":"2019-04-08T19:14:47","guid":{"rendered":"https:\/\/linitiative.ca\/International\/ligue-1-2-mca-bachi-je-suis-en-espagne-pour-des-raisons-personnelles\/"},"modified":"2019-04-08T15:14:47","modified_gmt":"2019-04-08T19:14:47","slug":"ligue-1-2-mca-bachi-je-suis-en-espagne-pour-des-raisons-personnelles","status":"publish","type":"post","link":"https:\/\/linitiative.ca\/International\/ligue-1-2-mca-bachi-je-suis-en-espagne-pour-des-raisons-personnelles\/","title":{"rendered":"Ligue 1 &amp; 2 : MCA : Bachi : \u00abJe suis en Espagne pour des raisons personnelles \u00bb"},"content":{"rendered":"<div readability=\"32\">\n<p>Auteur : <span>T. Che<\/span> <span class=\"time\">lundi 08 avril 2019 10:37<\/span><\/p>\n<\/div>\n<div id=\"post_core\" readability=\"66\">\n<p>Des bruits ayant couru, Zoubir Bachi a voulu mettre fin aux rumeurs qui nuisent \u00e0 la stabilit\u00e9 de l\u2019\u00e9quipe et du vestiaire. \u00ab Je me trouve actuellement en Espagne pour des raisons personnelles qui n\u2019ont aucun lien avec le club. Je tiens \u00e0 pr\u00e9ciser que je n\u2019ai contact\u00e9 aucun entra\u00eeneur comme cela a \u00e9t\u00e9 mentionn\u00e9 sur les r\u00e9seaux sociaux. Je pr\u00e9cise encore une fois que Mekhazni a toute ma confiance. \u00bb<\/p>\n<p><strong>\u00abJe reviens ce mardi pour assister au match face au MCO\u00bb<\/strong><br \/>Le champion d\u2019Afrique 76 confirme sa pr\u00e9sence ce mardi face aux Hamraoua : \u00ab Je vais rentrer au pays ce mardi car j\u2019entends bien assister au match face au Mouloudia d\u2019Oran qui sera capital pour nous. La victoire est imp\u00e9rative pour rester dans la course au podium, surtout apr\u00e8s notre revers face au NAHD \u00bb.<\/p>\n<p><strong>\u00abMekhazni a toute ma confiance pour r\u00e9aliser un succ\u00e8s malgr\u00e9 les absences\u00bb<\/strong><br \/>Bien \u00e9videmment, Bachi a une fois encore affich\u00e9 son soutien au staff technique. \u00ab Mekhazni a toute ma confiance tout comme les joueurs pour r\u00e9aliser ce mardi une victoire face au MCO malgr\u00e9 les nombreuses absences. On compte d\u2019ailleurs sur l\u2019appui des supporters du club pour rester en ad\u00e9quation avec nos objectifs. \u00bb<\/p>\n<p><strong>\u00abJe signerai mon contrat \u00e0 mon retour au pays\u00bb<\/strong><br \/>Concernant la signature de son contrat, l\u2019ancien capitaine des Vert et Rouge refuse de verser dans l\u2019inqui\u00e9tude. \u00ab Je ne vois aucun probl\u00e8me car je signerai mon contrat \u00e0 mon retour au pays. Je sais qu\u2019un tr\u00e8s gros travail nous attend tous, que ce soit pour cette fin de saison ou pour pr\u00e9parer le prochain exercice \u00bb, nous a confi\u00e9 l\u2019ancienne gloire du club, toujours tr\u00e8s disponible lorsqu\u2019il s\u2019agit de s\u2019adresser au peuple du Mouloudia.\u00a0\u00a0\u00a0\u00a0 \u00a0<\/p>\n<p><strong>Il r\u00e9it\u00e8re sa confiance \u00e0 Mekhazni et r\u00e9fute tout contact avec un coach \u00e9tranger<\/strong><br \/>Se trouvant actuellement en Espagne, Zoubir Bachi a r\u00e9pondu volontiers aux interrogations des Chnaoua en mettant fin aux sp\u00e9culations. Le directeur g\u00e9n\u00e9ral du club a profit\u00e9 de l\u2019occasion pour r\u00e9it\u00e9rer sa confiance \u00e0 Mohamed Mekhazni tout en r\u00e9futant des contacts entrepris avec des entra\u00eeneurs \u00e9trangers, comme le veut la rumeur qui s\u2019est propag\u00e9e sur les r\u00e9seaux sociaux.<\/p>\n<p><strong>Publi\u00e9 dans :<\/strong> <span>mca<\/span> <span>Espagne<\/span> <span>Mekhazni<\/span> <span>Bachi<\/span><\/p>\n<\/div>\n<p>Auteur:<br \/>\n<a href=\"http:\/\/www.lebuteur.com\/article\/detail?titre=mca-bachi-je-suis-en-espagne-pour-des-raisons-personnelles&#038;id=87814&#038;utm_source=feedburner&#038;utm_medium=feed&#038;utm_campaign=Feed%3A+GalerieFArtciles+%28Les+derniers+articles++-+lebuteur.com%29\">Cliquez ici pour lire l&rsquo;article depuis sa source.<\/a><\/p>\n","protected":false},"excerpt":{"rendered":"<p>Auteur : T. Che lundi 08 avril 2019 10:37 Des bruits ayant couru, Zoubir Bachi a voulu mettre fin aux rumeurs qui nuisent \u00e0 la stabilit\u00e9 de l\u2019\u00e9quipe et du vestiaire. \u00ab Je me trouve actuellement en Espagne pour des raisons personnelles qui n\u2019ont aucun lien avec le club. Je tiens \u00e0 pr\u00e9ciser que je [&hellip;]<\/p>\n","protected":false},"author":1738,"featured_media":26595,"comment_status":"closed","ping_status":"closed","sticky":false,"template":"","format":"standard","meta":{"fifu_image_url":"","fifu_image_alt":"","footnotes":""},"categories":[53,75],"tags":[],"class_list":["post-26594","post","type-post","status-publish","format-standard","has-post-thumbnail","hentry","category-algerie","category-sport"],"_links":{"self":[{"href":"https:\/\/linitiative.ca\/International\/wp-json\/wp\/v2\/posts\/26594","targetHints":{"allow":["GET"]}}],"collection":[{"href":"https:\/\/linitiative.ca\/International\/wp-json\/wp\/v2\/posts"}],"about":[{"href":"https:\/\/linitiative.ca\/International\/wp-json\/wp\/v2\/types\/post"}],"author":[{"embeddable":true,"href":"https:\/\/linitiative.ca\/International\/wp-json\/wp\/v2\/users\/1738"}],"replies":[{"embeddable":true,"href":"https:\/\/linitiative.ca\/International\/wp-json\/wp\/v2\/comments?post=26594"}],"version-history":[{"count":0,"href":"https:\/\/linitiative.ca\/International\/wp-json\/wp\/v2\/posts\/26594\/revisions"}],"wp:featuredmedia":[{"embeddable":true,"href":"https:\/\/linitiative.ca\/International\/wp-json\/"}],"wp:attachment":[{"href":"https:\/\/linitiative.ca\/International\/wp-json\/wp\/v2\/media?parent=26594"}],"wp:term":[{"taxonomy":"category","embeddable":true,"href":"https:\/\/linitiative.ca\/International\/wp-json\/wp\/v2\/categories?post=26594"},{"taxonomy":"post_tag","embeddable":true,"href":"https:\/\/linitiative.ca\/International\/wp-json\/wp\/v2\/tags?post=26594"}],"curies":[{"name":"wp","href":"https:\/\/api.w.org\/{rel}","templated":true}]}}