{"id":26598,"date":"2019-04-08T15:14:49","date_gmt":"2019-04-08T19:14:49","guid":{"rendered":"https:\/\/linitiative.ca\/International\/ligue-des-champions-le-groupe-du-barca-face-a-manchester-united\/"},"modified":"2019-04-08T15:14:49","modified_gmt":"2019-04-08T19:14:49","slug":"ligue-des-champions-le-groupe-du-barca-face-a-manchester-united","status":"publish","type":"post","link":"https:\/\/linitiative.ca\/International\/ligue-des-champions-le-groupe-du-barca-face-a-manchester-united\/","title":{"rendered":"Ligue des Champions : Le groupe du Bar\u00e7a face \u00e0 Manchester United"},"content":{"rendered":"<div readability=\"32\">\n<p>Auteur : <span class=\"time\">lundi 08 avril 2019 13:23<\/span><\/p>\n<\/div>\n<div id=\"post_core\" readability=\"43\">\n<p>Une de ces affiches n&rsquo;est autre que le match entre Manchester United, bourreau du PSG, et le FC Barcelone, qui a de son c\u00f4t\u00e9 sorti l\u2019OL. Une rencontre qui se disputera \u00e0 Old Trafford comme l&rsquo;indique Footmercato.<\/p>\n<p>Le leader du championnat espagnol vient d\u2019ailleurs de d\u00e9voiler le groupe qui se d\u00e9placera en terres anglaises. Tous les joueurs sont ainsi du voyages. Ousmane Demb\u00e9l\u00e9 n\u2019a pas encore re\u00e7u le feu vert m\u00e9dical mais devrait l\u2019obtenir d\u2019ici mercredi soir.<\/p>\n<p><img decoding=\"async\" alt=\"\" src=\"https:\/\/pbs.twimg.com\/media\/D3oRrq4W4AAxS3g.jpg\" class=\"c1\"\/><\/p>\n<p><strong>Publi\u00e9 dans :<\/strong> <span>fc barcelone<\/span><\/p>\n<\/div>\n<p>Auteur:<br \/>\n<a href=\"http:\/\/www.lebuteur.com\/article\/detail?titre=le-groupe-du-barca-face-a-manchester-united&#038;id=87828&#038;utm_source=feedburner&#038;utm_medium=feed&#038;utm_campaign=Feed%3A+GalerieFArtciles+%28Les+derniers+articles++-+lebuteur.com%29\">Cliquez ici pour lire l&rsquo;article depuis sa source.<\/a><\/p>\n","protected":false},"excerpt":{"rendered":"<p>Auteur : lundi 08 avril 2019 13:23 Une de ces affiches n&rsquo;est autre que le match entre Manchester United, bourreau du PSG, et le FC Barcelone, qui a de son c\u00f4t\u00e9 sorti l\u2019OL. Une rencontre qui se disputera \u00e0 Old Trafford comme l&rsquo;indique Footmercato. Le leader du championnat espagnol vient d\u2019ailleurs de d\u00e9voiler le groupe [&hellip;]<\/p>\n","protected":false},"author":1738,"featured_media":26599,"comment_status":"closed","ping_status":"closed","sticky":false,"template":"","format":"standard","meta":{"fifu_image_url":"","fifu_image_alt":"","footnotes":""},"categories":[53,75],"tags":[],"class_list":["post-26598","post","type-post","status-publish","format-standard","has-post-thumbnail","hentry","category-algerie","category-sport"],"_links":{"self":[{"href":"https:\/\/linitiative.ca\/International\/wp-json\/wp\/v2\/posts\/26598","targetHints":{"allow":["GET"]}}],"collection":[{"href":"https:\/\/linitiative.ca\/International\/wp-json\/wp\/v2\/posts"}],"about":[{"href":"https:\/\/linitiative.ca\/International\/wp-json\/wp\/v2\/types\/post"}],"author":[{"embeddable":true,"href":"https:\/\/linitiative.ca\/International\/wp-json\/wp\/v2\/users\/1738"}],"replies":[{"embeddable":true,"href":"https:\/\/linitiative.ca\/International\/wp-json\/wp\/v2\/comments?post=26598"}],"version-history":[{"count":0,"href":"https:\/\/linitiative.ca\/International\/wp-json\/wp\/v2\/posts\/26598\/revisions"}],"wp:featuredmedia":[{"embeddable":true,"href":"https:\/\/linitiative.ca\/International\/wp-json\/"}],"wp:attachment":[{"href":"https:\/\/linitiative.ca\/International\/wp-json\/wp\/v2\/media?parent=26598"}],"wp:term":[{"taxonomy":"category","embeddable":true,"href":"https:\/\/linitiative.ca\/International\/wp-json\/wp\/v2\/categories?post=26598"},{"taxonomy":"post_tag","embeddable":true,"href":"https:\/\/linitiative.ca\/International\/wp-json\/wp\/v2\/tags?post=26598"}],"curies":[{"name":"wp","href":"https:\/\/api.w.org\/{rel}","templated":true}]}}