{"id":26600,"date":"2019-04-08T15:14:51","date_gmt":"2019-04-08T19:14:51","guid":{"rendered":"https:\/\/linitiative.ca\/International\/international-man-city-guardiola-sagace-quon-puisse-retirer-un-titre-a-son-equipe\/"},"modified":"2019-04-08T15:14:51","modified_gmt":"2019-04-08T19:14:51","slug":"international-man-city-guardiola-sagace-quon-puisse-retirer-un-titre-a-son-equipe","status":"publish","type":"post","link":"https:\/\/linitiative.ca\/International\/international-man-city-guardiola-sagace-quon-puisse-retirer-un-titre-a-son-equipe\/","title":{"rendered":"International : Man City : Guardiola s&rsquo;agace qu&rsquo;on puisse retirer un titre \u00e0 son \u00e9quipe"},"content":{"rendered":"<div readability=\"32\">\n<p>Auteur : <span class=\"time\">lundi 08 avril 2019 20:04<\/span><\/p>\n<\/div>\n<div id=\"post_core\" readability=\"61\">\n<p>Pep Guardiola a en effet bondi de sa chaise, lundi en conf\u00e9rence de presse, pour rappeler aux journalistes que ses joueurs avaient d\u00e9j\u00e0 gagn\u00e9 le Community Shield cette saison, le 5 ao\u00fbt 2018 contre Chelsea (0-2) :<\/p>\n<p>\u00ab\u00a0Nous avons gagn\u00e9 deux titres cette saison, et il y en reste trois, mais tout le monde ne parle que d\u2019un titre. Pourquoi l\u2019a-t-on jou\u00e9 si cela ne compte pas ? On aurait eu des vacances plus longues. Je ne connais pas la diff\u00e9rence, mais, en Espagne, nous sommes heureux de la gagner\u00a0\u00bb, a-t-il lanc\u00e9, devant une audience \u00e9tonn\u00e9e par ce coup de sang.<\/p>\n<p>Le coach des Citizens en a rajout\u00e9 une couche dans la foul\u00e9e: \u00ab\u00a0Personne ne le compte. C\u2019est une question et je souhaite une r\u00e9ponse. Peut-\u00eatre que cela compte pour la saison derni\u00e8re, mais, la saison derni\u00e8re, quand on est parti en vacances, on ne l\u2019avait pas gagn\u00e9. En Espagne et en Allemagne, c\u2019est important\u00a0\u00bb. Des propos relay\u00e9s par Football.<\/p>\n<p><strong>Publi\u00e9 dans :<\/strong> <span>Manchester City<\/span><\/p>\n<\/div>\n<p>Auteur:<br \/>\n<a href=\"http:\/\/www.lebuteur.com\/article\/detail?titre=man-city-guardiola-sagace-quon-puisse-retirer-un-titre-a-son-equipe&#038;id=87829&#038;utm_source=feedburner&#038;utm_medium=feed&#038;utm_campaign=Feed%3A+GalerieFArtciles+%28Les+derniers+articles++-+lebuteur.com%29\">Cliquez ici pour lire l&rsquo;article depuis sa source.<\/a><\/p>\n","protected":false},"excerpt":{"rendered":"<p>Auteur : lundi 08 avril 2019 20:04 Pep Guardiola a en effet bondi de sa chaise, lundi en conf\u00e9rence de presse, pour rappeler aux journalistes que ses joueurs avaient d\u00e9j\u00e0 gagn\u00e9 le Community Shield cette saison, le 5 ao\u00fbt 2018 contre Chelsea (0-2) : \u00ab\u00a0Nous avons gagn\u00e9 deux titres cette saison, et il y en [&hellip;]<\/p>\n","protected":false},"author":1738,"featured_media":26601,"comment_status":"closed","ping_status":"closed","sticky":false,"template":"","format":"standard","meta":{"fifu_image_url":"","fifu_image_alt":"","footnotes":""},"categories":[53,75],"tags":[],"class_list":["post-26600","post","type-post","status-publish","format-standard","has-post-thumbnail","hentry","category-algerie","category-sport"],"_links":{"self":[{"href":"https:\/\/linitiative.ca\/International\/wp-json\/wp\/v2\/posts\/26600","targetHints":{"allow":["GET"]}}],"collection":[{"href":"https:\/\/linitiative.ca\/International\/wp-json\/wp\/v2\/posts"}],"about":[{"href":"https:\/\/linitiative.ca\/International\/wp-json\/wp\/v2\/types\/post"}],"author":[{"embeddable":true,"href":"https:\/\/linitiative.ca\/International\/wp-json\/wp\/v2\/users\/1738"}],"replies":[{"embeddable":true,"href":"https:\/\/linitiative.ca\/International\/wp-json\/wp\/v2\/comments?post=26600"}],"version-history":[{"count":0,"href":"https:\/\/linitiative.ca\/International\/wp-json\/wp\/v2\/posts\/26600\/revisions"}],"wp:featuredmedia":[{"embeddable":true,"href":"https:\/\/linitiative.ca\/International\/wp-json\/"}],"wp:attachment":[{"href":"https:\/\/linitiative.ca\/International\/wp-json\/wp\/v2\/media?parent=26600"}],"wp:term":[{"taxonomy":"category","embeddable":true,"href":"https:\/\/linitiative.ca\/International\/wp-json\/wp\/v2\/categories?post=26600"},{"taxonomy":"post_tag","embeddable":true,"href":"https:\/\/linitiative.ca\/International\/wp-json\/wp\/v2\/tags?post=26600"}],"curies":[{"name":"wp","href":"https:\/\/api.w.org\/{rel}","templated":true}]}}