{"id":26607,"date":"2019-04-07T19:00:00","date_gmt":"2019-04-07T23:00:00","guid":{"rendered":"https:\/\/linitiative.ca\/International\/oran-portes-ouvertes-sur-ladministration-militaire\/"},"modified":"2019-04-07T19:00:00","modified_gmt":"2019-04-07T23:00:00","slug":"oran-portes-ouvertes-sur-ladministration-militaire","status":"publish","type":"post","link":"https:\/\/linitiative.ca\/International\/oran-portes-ouvertes-sur-ladministration-militaire\/","title":{"rendered":"Oran  : Portes ouvertes sur l\u2019administration militaire"},"content":{"rendered":"<p>Le coup d\u2019envoi des journ\u00e9es d\u2019information sur l\u2019Ecole sup\u00e9rieure d\u2019administration militaire (ESAM) \u00ab\u00a0Moudjahid Akhamokh Hadj Moussa\u00a0\u00bb relevant de la 2e R\u00e9gion militaire \u00e0 Oran a \u00e9t\u00e9 donn\u00e9\u00a0\u00a0 dimanche \u00e0 partir du centre territorial d\u2019information \u00ab\u00a0Chahid Boubernas\u00a0\u00bb.<br \/>\u00a0Cette manifestation d\u2019information, qui entre dans le cadre du programme\u00a0\u00a0 national de communication du minist\u00e8re de la D\u00e9fense nationale, \u00ab\u00a0fait partie des traditions de notre institution militaire qui \u0153uvre \u00e0 jeter les passerelles de communication entre l\u2019ANP et les citoyens, \u00e0 renforcer le lien arm\u00e9e-nation et \u00e0 s\u2019ouvrir sur la soci\u00e9t\u00e9 civile\u00a0\u00bb, a soulign\u00e9 le commandant r\u00e9gional de la d\u00e9fense a\u00e9rienne \u00e0 la 2e R\u00e9gion militaire, le g\u00e9n\u00e9ral Hamad Azzeddine, lors de la c\u00e9r\u00e9monie d\u2019ouverture des journ\u00e9es\u00a0\u00a0 d&rsquo;information, au nom du g\u00e9n\u00e9ral-major, commandant de la 2e RM, et en pr\u00e9sence du wali d\u2019Oran, Mouloud Cherifi. Le g\u00e9n\u00e9ral Hamad a d\u00e9clar\u00e9 que ces journ\u00e9es d\u2019information sont \u00ab\u00a0une fen\u00eatre sur nos forces arm\u00e9es o\u00f9 le citoyen peut d\u00e9couvrir les structures p\u00e9dagogiques de formation, les moyens mis en \u0153uvre et les techniques\u00a0 modernes qui contribuent efficacement \u00e0 la formation de l\u2019\u00e9lite de ce pays\u00a0 et les hommes de demain et les rapprochent de plus en plus de leur institution militaire et ce, par l\u2019adoption d&rsquo;une politique de communication de proximit\u00e9 efficace pour renforcer les liens entre l\u2019Arm\u00e9e nationale populaire et le citoyen\u00a0\u00bb. \u00a0<br \/>Il a, d\u2019autre part, soulign\u00e9 que cette manifestation est \u00ab\u00a0une occasion de d\u00e9couvrir et de conna\u00eetre les param\u00e8tres de formation adopt\u00e9s dans les structures de l\u2019arm\u00e9e, de mani\u00e8re g\u00e9n\u00e9rale, et l\u2019arme d\u2019intendance en particulier\u00a0\u00bb.<br \/>Le m\u00eame officier sup\u00e9rieur a appel\u00e9 les citoyens et les citoyennes \u00e0 visiter les diff\u00e9rents stands de l\u2019exposition afin de prendre connaissance,\u00a0 au travers des divers ateliers, des missions de ce corps d&rsquo;arme et des conditions permettant, pour les personnes int\u00e9ress\u00e9es, de rejoindre l\u2019ESAM.\u00a0 De son c\u00f4t\u00e9, le commandant de l\u2019ESAM d\u2019Oran, le g\u00e9n\u00e9ral Dida Fethi, a soulign\u00e9, dans son allocution, que \u00ab\u00a0le degr\u00e9 de professionnalisme et d\u2019excellence atteint par l\u2019ANP exige de nous comme \u00e9tablissement de formation de se concentrer sur le volet communication avec le citoyen \u00e0\u00a0\u00a0 travers les m\u00e9dias, conform\u00e9ment aux directives du Haut commandement de\u00a0\u00a0 l\u2019ANP et notre conviction sur la n\u00e9cessit\u00e9 de renforcer les liens arm\u00e9e-nation\u00a0\u00bb. \u00a0<br \/>Cette manifestation de six jours expose le mat\u00e9riel p\u00e9dagogique utilis\u00e9 \u00e0\u00a0 l\u2019ESAM, notamment celui du laboratoire r\u00e9gional de l\u2019intendance et du mat\u00e9riel de la fanfare, ainsi que diff\u00e9rents uniformes militaires. \u00a0<br \/>L\u2019ESAM offre une formation de base dans le parcours d\u2019officier\u00a0 d\u2019intendance avec, au bout, l\u2019obtention d\u2019une licence dans la fili\u00e8re gestion dans la sp\u00e9cialit\u00e9 \u00ab\u00a0direction des affaires\u00a0\u00bb dans le domaine des\u00a0\u00a0 sciences \u00e9conomiques et de gestion et les sciences commerciales, couronn\u00e9e\u00a0\u00a0 d&rsquo;une attestation de r\u00e9ussite dans le domaine scientifique et militaire, ainsi qu\u2019un dipl\u00f4me dans l\u2019apprentissage de la langue anglaise et la ma\u00eetrise des principes de base de la gestion administrative.<\/p>\n<p>Auteur: elmoudjahid<br \/>\n<a href=\"http:\/\/www.elmoudjahid.com\/fr\/actualites\/135607\">Cliquez ici pour lire l&rsquo;article depuis sa source.<\/a><\/p>\n","protected":false},"excerpt":{"rendered":"<p>Le coup d\u2019envoi des journ\u00e9es d\u2019information sur l\u2019Ecole sup\u00e9rieure d\u2019administration militaire (ESAM) \u00ab\u00a0Moudjahid Akhamokh Hadj Moussa\u00a0\u00bb relevant de la 2e R\u00e9gion militaire \u00e0 Oran a \u00e9t\u00e9 donn\u00e9\u00a0\u00a0 dimanche \u00e0 partir du centre territorial d\u2019information \u00ab\u00a0Chahid Boubernas\u00a0\u00bb.\u00a0Cette manifestation d\u2019information, qui entre dans le cadre du programme\u00a0\u00a0 national de communication du minist\u00e8re de la D\u00e9fense nationale, \u00ab\u00a0fait [&hellip;]<\/p>\n","protected":false},"author":1744,"featured_media":0,"comment_status":"closed","ping_status":"closed","sticky":false,"template":"","format":"standard","meta":{"fifu_image_url":"","fifu_image_alt":"","footnotes":""},"categories":[73,53],"tags":[],"class_list":["post-26607","post","type-post","status-publish","format-standard","hentry","category-actualite","category-algerie"],"_links":{"self":[{"href":"https:\/\/linitiative.ca\/International\/wp-json\/wp\/v2\/posts\/26607","targetHints":{"allow":["GET"]}}],"collection":[{"href":"https:\/\/linitiative.ca\/International\/wp-json\/wp\/v2\/posts"}],"about":[{"href":"https:\/\/linitiative.ca\/International\/wp-json\/wp\/v2\/types\/post"}],"author":[{"embeddable":true,"href":"https:\/\/linitiative.ca\/International\/wp-json\/wp\/v2\/users\/1744"}],"replies":[{"embeddable":true,"href":"https:\/\/linitiative.ca\/International\/wp-json\/wp\/v2\/comments?post=26607"}],"version-history":[{"count":0,"href":"https:\/\/linitiative.ca\/International\/wp-json\/wp\/v2\/posts\/26607\/revisions"}],"wp:attachment":[{"href":"https:\/\/linitiative.ca\/International\/wp-json\/wp\/v2\/media?parent=26607"}],"wp:term":[{"taxonomy":"category","embeddable":true,"href":"https:\/\/linitiative.ca\/International\/wp-json\/wp\/v2\/categories?post=26607"},{"taxonomy":"post_tag","embeddable":true,"href":"https:\/\/linitiative.ca\/International\/wp-json\/wp\/v2\/tags?post=26607"}],"curies":[{"name":"wp","href":"https:\/\/api.w.org\/{rel}","templated":true}]}}