{"id":26608,"date":"2019-04-07T19:00:00","date_gmt":"2019-04-07T23:00:00","guid":{"rendered":"https:\/\/linitiative.ca\/International\/le-mae-de-la-sierra-leone-en-visite-a-alger\/"},"modified":"2019-04-07T19:00:00","modified_gmt":"2019-04-07T23:00:00","slug":"le-mae-de-la-sierra-leone-en-visite-a-alger","status":"publish","type":"post","link":"https:\/\/linitiative.ca\/International\/le-mae-de-la-sierra-leone-en-visite-a-alger\/","title":{"rendered":"Le MAE de la Sierra Leone  en visite \u00e0 Alger"},"content":{"rendered":"<p>A l&rsquo;invitation de M. Sabri Boukadoum, ministre des Affaires \u00e9trang\u00e8res, M. Alie Kabba, ministre des Affaires \u00e9trang\u00e8res et de la Coop\u00e9ration internationale de la Sierra Leone, effectuera une visite officielle en Alg\u00e9rie du 8 au 9 avril.\u00a0 Cette visite, qui s&rsquo;inscrit dans le cadre des relations d&rsquo;amiti\u00e9 qui lient les deux pays, permettra de proc\u00e9der \u00e0 une \u00e9valuation de l&rsquo;\u00e9tat de la coop\u00e9ration bilat\u00e9rale et \u00e0 l&rsquo;examen des perspectives de son renforcement. Elle offrira, \u00e9galement, l&rsquo;occasion aux deux ministres de \u00ab\u00a0proc\u00e9der \u00e0 un\u00a0\u00a0 \u00e9change de vues sur les questions r\u00e9gionales et internationales d&rsquo;int\u00e9r\u00eat commun\u00a0\u00bb.<\/p>\n<p>Auteur: elmoudjahid<br \/>\n<a href=\"http:\/\/www.elmoudjahid.com\/fr\/actualites\/135608\">Cliquez ici pour lire l&rsquo;article depuis sa source.<\/a><\/p>\n","protected":false},"excerpt":{"rendered":"<p>A l&rsquo;invitation de M. Sabri Boukadoum, ministre des Affaires \u00e9trang\u00e8res, M. Alie Kabba, ministre des Affaires \u00e9trang\u00e8res et de la Coop\u00e9ration internationale de la Sierra Leone, effectuera une visite officielle en Alg\u00e9rie du 8 au 9 avril.\u00a0 Cette visite, qui s&rsquo;inscrit dans le cadre des relations d&rsquo;amiti\u00e9 qui lient les deux pays, permettra de proc\u00e9der [&hellip;]<\/p>\n","protected":false},"author":1744,"featured_media":0,"comment_status":"closed","ping_status":"closed","sticky":false,"template":"","format":"standard","meta":{"fifu_image_url":"","fifu_image_alt":"","footnotes":""},"categories":[73,53],"tags":[],"class_list":["post-26608","post","type-post","status-publish","format-standard","hentry","category-actualite","category-algerie"],"_links":{"self":[{"href":"https:\/\/linitiative.ca\/International\/wp-json\/wp\/v2\/posts\/26608","targetHints":{"allow":["GET"]}}],"collection":[{"href":"https:\/\/linitiative.ca\/International\/wp-json\/wp\/v2\/posts"}],"about":[{"href":"https:\/\/linitiative.ca\/International\/wp-json\/wp\/v2\/types\/post"}],"author":[{"embeddable":true,"href":"https:\/\/linitiative.ca\/International\/wp-json\/wp\/v2\/users\/1744"}],"replies":[{"embeddable":true,"href":"https:\/\/linitiative.ca\/International\/wp-json\/wp\/v2\/comments?post=26608"}],"version-history":[{"count":0,"href":"https:\/\/linitiative.ca\/International\/wp-json\/wp\/v2\/posts\/26608\/revisions"}],"wp:attachment":[{"href":"https:\/\/linitiative.ca\/International\/wp-json\/wp\/v2\/media?parent=26608"}],"wp:term":[{"taxonomy":"category","embeddable":true,"href":"https:\/\/linitiative.ca\/International\/wp-json\/wp\/v2\/categories?post=26608"},{"taxonomy":"post_tag","embeddable":true,"href":"https:\/\/linitiative.ca\/International\/wp-json\/wp\/v2\/tags?post=26608"}],"curies":[{"name":"wp","href":"https:\/\/api.w.org\/{rel}","templated":true}]}}