{"id":26609,"date":"2019-04-07T19:00:00","date_gmt":"2019-04-07T23:00:00","guid":{"rendered":"https:\/\/linitiative.ca\/International\/visite-de-lambassadrice-de-cuba\/"},"modified":"2019-04-07T19:00:00","modified_gmt":"2019-04-07T23:00:00","slug":"visite-de-lambassadrice-de-cuba","status":"publish","type":"post","link":"https:\/\/linitiative.ca\/International\/visite-de-lambassadrice-de-cuba\/","title":{"rendered":"Visite de l\u2019ambassadrice de Cuba"},"content":{"rendered":"<p>L\u2019ambassadrice de Cuba \u00e0 Alger madame Clara Margarita Pulido Escandell a rendu, hier, une visite de courtoisie \u00e0 notre journal o\u00f9 elle a \u00e9t\u00e9 re\u00e7ue par le pr\u00e9sident-directeur g\u00e9n\u00e9ral, M. Achour Cheurfi, lequel lui\u00a0 a expos\u00e9 la place du journal dans le paysage m\u00e9diatique et le r\u00f4le de la presse en Alg\u00e9rie. La rencontre des plus conviviales a permis d\u2019\u00e9changer divers points de vue sur la densit\u00e9 des relations amicales existant entre les deux pays et l\u2019\u00e9tat de la coop\u00e9ration dans divers domaines.<br \/>A ce sujet, l\u2019h\u00f4te du journal a identifi\u00e9 les domaines o\u00f9 cette coop\u00e9ration pourrait \u00eatre d\u00e9velopp\u00e9e, tels que l\u2019hydraulique ou la culture, des accords existant d\u00e9j\u00e0 et sont en voie d\u2019\u00eatre concr\u00e9tis\u00e9s. Elle s\u2019est notamment r\u00e9jouie que dans le domaine m\u00e9dical de nombreux praticiens cubains apportent leur savoir-faire dans plusieurs r\u00e9gions d\u2019Alg\u00e9rie, plus particuli\u00e8rement \u00e0 Djelfa et dans le Sud, un savoir-faire connu et appr\u00e9ci\u00e9 par les populations. L\u2019ambassadrice s\u2019est dite attach\u00e9e \u00e0 \u0153uvrer \u00e0 d\u00e9velopper toutes les initiatives permettant de hisser les relations traditionnelles d\u2019amiti\u00e9 \u00e0 un niveau d\u2019excellence \u00e9gal \u00e0 celui des relations politiques historiques et d\u2019amiti\u00e9 entre nos deux peuples.<br \/>\u00a0<\/p>\n<p>Auteur: elmoudjahid<br \/>\n<a href=\"http:\/\/www.elmoudjahid.com\/fr\/actualites\/135609\">Cliquez ici pour lire l&rsquo;article depuis sa source.<\/a><\/p>\n","protected":false},"excerpt":{"rendered":"<p>L\u2019ambassadrice de Cuba \u00e0 Alger madame Clara Margarita Pulido Escandell a rendu, hier, une visite de courtoisie \u00e0 notre journal o\u00f9 elle a \u00e9t\u00e9 re\u00e7ue par le pr\u00e9sident-directeur g\u00e9n\u00e9ral, M. Achour Cheurfi, lequel lui\u00a0 a expos\u00e9 la place du journal dans le paysage m\u00e9diatique et le r\u00f4le de la presse en Alg\u00e9rie. La rencontre des [&hellip;]<\/p>\n","protected":false},"author":1744,"featured_media":0,"comment_status":"closed","ping_status":"closed","sticky":false,"template":"","format":"standard","meta":{"fifu_image_url":"","fifu_image_alt":"","footnotes":""},"categories":[73,53],"tags":[],"class_list":["post-26609","post","type-post","status-publish","format-standard","hentry","category-actualite","category-algerie"],"_links":{"self":[{"href":"https:\/\/linitiative.ca\/International\/wp-json\/wp\/v2\/posts\/26609","targetHints":{"allow":["GET"]}}],"collection":[{"href":"https:\/\/linitiative.ca\/International\/wp-json\/wp\/v2\/posts"}],"about":[{"href":"https:\/\/linitiative.ca\/International\/wp-json\/wp\/v2\/types\/post"}],"author":[{"embeddable":true,"href":"https:\/\/linitiative.ca\/International\/wp-json\/wp\/v2\/users\/1744"}],"replies":[{"embeddable":true,"href":"https:\/\/linitiative.ca\/International\/wp-json\/wp\/v2\/comments?post=26609"}],"version-history":[{"count":0,"href":"https:\/\/linitiative.ca\/International\/wp-json\/wp\/v2\/posts\/26609\/revisions"}],"wp:attachment":[{"href":"https:\/\/linitiative.ca\/International\/wp-json\/wp\/v2\/media?parent=26609"}],"wp:term":[{"taxonomy":"category","embeddable":true,"href":"https:\/\/linitiative.ca\/International\/wp-json\/wp\/v2\/categories?post=26609"},{"taxonomy":"post_tag","embeddable":true,"href":"https:\/\/linitiative.ca\/International\/wp-json\/wp\/v2\/tags?post=26609"}],"curies":[{"name":"wp","href":"https:\/\/api.w.org\/{rel}","templated":true}]}}