{"id":26610,"date":"2019-04-07T19:00:00","date_gmt":"2019-04-07T23:00:00","guid":{"rendered":"https:\/\/linitiative.ca\/International\/algerie-iran-examen-de-la-cooperation-parlementaire\/"},"modified":"2019-04-07T19:00:00","modified_gmt":"2019-04-07T23:00:00","slug":"algerie-iran-examen-de-la-cooperation-parlementaire","status":"publish","type":"post","link":"https:\/\/linitiative.ca\/International\/algerie-iran-examen-de-la-cooperation-parlementaire\/","title":{"rendered":"Alg\u00e9rie-Iran : Examen de la coop\u00e9ration parlementaire"},"content":{"rendered":"<p>Le pr\u00e9sident de l&rsquo;Assembl\u00e9e populaire nationale, Mouad Bouchareb, a re\u00e7u hier l&rsquo;ambassadeur d&rsquo;Iran, Reza Ameri, qui lui a rendu une visite d&rsquo;adieu. \u00a0<br \/>Cette rencontre a permis de passer en revue les relations bilat\u00e9rales et les perspectives de les consolider \u00e0 travers l&rsquo;appui \u00e0 la coop\u00e9ration afin de la hisser aux plus hauts niveaux au mieux des int\u00e9r\u00eats des deux peuples et de saluer les pas franchis dans le cadre de la Haute commission mixte dans les domaines de la sant\u00e9, de l&rsquo;\u00e9nergie, des affaires \u00e9trang\u00e8res et de l&rsquo;\u00e9conomie.<br \/>A cette occasion, M. Bouchareb a mis l&rsquo;accent sur \u00ab\u00a0les principes sur lesquels repose la politique ext\u00e9rieure de l&rsquo;Alg\u00e9rie, dont l&rsquo;engagement \u00e0 la non-ing\u00e9rence dans les affaires internes des pays ainsi que l&rsquo;adoption de la voie du dialogue, des solutions pacifiques et de la r\u00e9conciliation pour le r\u00e8glement des conflits\u00a0\u00bb, r\u00e9affirmant la position de l&rsquo;Alg\u00e9rie appelant \u00e0 \u00ab\u00a0la mise en application des r\u00e9solutions de l&rsquo;ONU dans le r\u00e8glement de la question du Sahara occidental et du droit du peuple sahraoui \u00e0 l&rsquo;autod\u00e9termination outre le soutien du peuple palestinien dans son combat pour le recouvrement de ses droits nationaux l\u00e9gitimes et l&rsquo;\u00e9tablissement de son Etat ind\u00e9pendant\u00a0\u00bb.<br \/>\u00a0Pour sa part, l&rsquo;ambassadeur\u00a0 a salu\u00e9 les relations \u00ab\u00a0exceptionnelles\u00a0\u00bb entre les deux pays et \u00ab\u00a0les positions honorables de l&rsquo;Alg\u00e9rie qui lui ont valu une place de choix dans les fora internationaux et r\u00e9gionaux\u00a0\u00bb,\u00a0 appelant \u00e0 \u00ab\u00a0coop\u00e9rer davantage dans le domaine parlementaire\u00a0\u00bb.<br \/>\u00a0<\/p>\n<p>Auteur: elmoudjahid<br \/>\n<a href=\"http:\/\/www.elmoudjahid.com\/fr\/actualites\/135610\">Cliquez ici pour lire l&rsquo;article depuis sa source.<\/a><\/p>\n","protected":false},"excerpt":{"rendered":"<p>Le pr\u00e9sident de l&rsquo;Assembl\u00e9e populaire nationale, Mouad Bouchareb, a re\u00e7u hier l&rsquo;ambassadeur d&rsquo;Iran, Reza Ameri, qui lui a rendu une visite d&rsquo;adieu. \u00a0Cette rencontre a permis de passer en revue les relations bilat\u00e9rales et les perspectives de les consolider \u00e0 travers l&rsquo;appui \u00e0 la coop\u00e9ration afin de la hisser aux plus hauts niveaux au mieux [&hellip;]<\/p>\n","protected":false},"author":1744,"featured_media":0,"comment_status":"closed","ping_status":"closed","sticky":false,"template":"","format":"standard","meta":{"fifu_image_url":"","fifu_image_alt":"","footnotes":""},"categories":[73,53],"tags":[],"class_list":["post-26610","post","type-post","status-publish","format-standard","hentry","category-actualite","category-algerie"],"_links":{"self":[{"href":"https:\/\/linitiative.ca\/International\/wp-json\/wp\/v2\/posts\/26610","targetHints":{"allow":["GET"]}}],"collection":[{"href":"https:\/\/linitiative.ca\/International\/wp-json\/wp\/v2\/posts"}],"about":[{"href":"https:\/\/linitiative.ca\/International\/wp-json\/wp\/v2\/types\/post"}],"author":[{"embeddable":true,"href":"https:\/\/linitiative.ca\/International\/wp-json\/wp\/v2\/users\/1744"}],"replies":[{"embeddable":true,"href":"https:\/\/linitiative.ca\/International\/wp-json\/wp\/v2\/comments?post=26610"}],"version-history":[{"count":0,"href":"https:\/\/linitiative.ca\/International\/wp-json\/wp\/v2\/posts\/26610\/revisions"}],"wp:attachment":[{"href":"https:\/\/linitiative.ca\/International\/wp-json\/wp\/v2\/media?parent=26610"}],"wp:term":[{"taxonomy":"category","embeddable":true,"href":"https:\/\/linitiative.ca\/International\/wp-json\/wp\/v2\/categories?post=26610"},{"taxonomy":"post_tag","embeddable":true,"href":"https:\/\/linitiative.ca\/International\/wp-json\/wp\/v2\/tags?post=26610"}],"curies":[{"name":"wp","href":"https:\/\/api.w.org\/{rel}","templated":true}]}}