{"id":26611,"date":"2019-04-07T19:00:00","date_gmt":"2019-04-07T23:00:00","guid":{"rendered":"https:\/\/linitiative.ca\/International\/m-sabri-boukadoum-recoit-les-ambassadeurs-de-palestine-dafrique-du-sud-et-diran-le-nouveau-representant-de-loim-et-le-nouveau-representant-du-hcr-en-algerie\/"},"modified":"2019-04-07T19:00:00","modified_gmt":"2019-04-07T23:00:00","slug":"m-sabri-boukadoum-recoit-les-ambassadeurs-de-palestine-dafrique-du-sud-et-diran-le-nouveau-representant-de-loim-et-le-nouveau-representant-du-hcr-en-algerie","status":"publish","type":"post","link":"https:\/\/linitiative.ca\/International\/m-sabri-boukadoum-recoit-les-ambassadeurs-de-palestine-dafrique-du-sud-et-diran-le-nouveau-representant-de-loim-et-le-nouveau-representant-du-hcr-en-algerie\/","title":{"rendered":"M. Sabri Boukadoum re\u00e7oit  les ambassadeurs de Palestine, d\u2019Afrique du Sud et d\u2019Iran le nouveau repr\u00e9sentant de l&rsquo;OIM et le nouveau repr\u00e9sentant du HCR en Alg\u00e9rie"},"content":{"rendered":"<p>Le ministre des Affaires \u00e9trang\u00e8res, Sabri Boukadoum, a re\u00e7u, hier \u00e0 Alger, conform\u00e9ment \u00e0 la pratique protocolaire, M.\u2008Louai Mahmoud Taha A\u00efssa, en qualit\u00e9 d&rsquo;ambassadeur de l\u2019Etat de Palestine, M. Dennis Thokozani Dlomo, ambassadeur de la R\u00e9publique d\u2019Afrique du Sud, et M. Redha Ameri, ambassadeur de la R\u00e9publique Islamique d\u2019Iran, qui lui ont rendu une visite\u00a0\u00a0 d&rsquo;adieu au terme de leur mission en Alg\u00e9rie.<\/p>\n<p>M. Sabri Boukadoum a re\u00e7u, hier, au si\u00e8ge du minist\u00e8re des Affaires \u00e9trang\u00e8res, M. Paolo Giuseppe Caputo, qui lui a remis les lettres de cabinet, l\u2019accr\u00e9ditant en qualit\u00e9 de Repr\u00e9sentant de l&rsquo;Organisation internationale pour les Migrations (OIM) en Alg\u00e9rie, aupr\u00e8s de la R\u00e9publique Alg\u00e9rienne D\u00e9mocratique et Populaire.<\/p>\n<p>Il a \u00e9galement re\u00e7u hier M. Agostino Mulas, qui lui a remis les lettres de cabinet, l\u2019accr\u00e9ditant en qualit\u00e9 de repr\u00e9sentant du\u00a0\u00a0 Haut-Commissariat des Nations-Unies pour les R\u00e9fugi\u00e9s (HCR), aupr\u00e8s de la R\u00e9publique Alg\u00e9rienne D\u00e9mocratique et Populaire.<br \/>\u00a0<\/p>\n<p>Auteur: elmoudjahid<br \/>\n<a href=\"http:\/\/www.elmoudjahid.com\/fr\/actualites\/135611\">Cliquez ici pour lire l&rsquo;article depuis sa source.<\/a><\/p>\n","protected":false},"excerpt":{"rendered":"<p>Le ministre des Affaires \u00e9trang\u00e8res, Sabri Boukadoum, a re\u00e7u, hier \u00e0 Alger, conform\u00e9ment \u00e0 la pratique protocolaire, M.\u2008Louai Mahmoud Taha A\u00efssa, en qualit\u00e9 d&rsquo;ambassadeur de l\u2019Etat de Palestine, M. Dennis Thokozani Dlomo, ambassadeur de la R\u00e9publique d\u2019Afrique du Sud, et M. Redha Ameri, ambassadeur de la R\u00e9publique Islamique d\u2019Iran, qui lui ont rendu une visite\u00a0\u00a0 [&hellip;]<\/p>\n","protected":false},"author":1744,"featured_media":0,"comment_status":"closed","ping_status":"closed","sticky":false,"template":"","format":"standard","meta":{"fifu_image_url":"","fifu_image_alt":"","footnotes":""},"categories":[73,53],"tags":[],"class_list":["post-26611","post","type-post","status-publish","format-standard","hentry","category-actualite","category-algerie"],"_links":{"self":[{"href":"https:\/\/linitiative.ca\/International\/wp-json\/wp\/v2\/posts\/26611","targetHints":{"allow":["GET"]}}],"collection":[{"href":"https:\/\/linitiative.ca\/International\/wp-json\/wp\/v2\/posts"}],"about":[{"href":"https:\/\/linitiative.ca\/International\/wp-json\/wp\/v2\/types\/post"}],"author":[{"embeddable":true,"href":"https:\/\/linitiative.ca\/International\/wp-json\/wp\/v2\/users\/1744"}],"replies":[{"embeddable":true,"href":"https:\/\/linitiative.ca\/International\/wp-json\/wp\/v2\/comments?post=26611"}],"version-history":[{"count":0,"href":"https:\/\/linitiative.ca\/International\/wp-json\/wp\/v2\/posts\/26611\/revisions"}],"wp:attachment":[{"href":"https:\/\/linitiative.ca\/International\/wp-json\/wp\/v2\/media?parent=26611"}],"wp:term":[{"taxonomy":"category","embeddable":true,"href":"https:\/\/linitiative.ca\/International\/wp-json\/wp\/v2\/categories?post=26611"},{"taxonomy":"post_tag","embeddable":true,"href":"https:\/\/linitiative.ca\/International\/wp-json\/wp\/v2\/tags?post=26611"}],"curies":[{"name":"wp","href":"https:\/\/api.w.org\/{rel}","templated":true}]}}