{"id":26628,"date":"2019-04-08T13:41:38","date_gmt":"2019-04-08T17:41:38","guid":{"rendered":"https:\/\/linitiative.ca\/International\/87826-football-declarations-de-zaim-la-lfp-decide-de-se-constituer-partie-civile\/"},"modified":"2019-04-08T13:41:38","modified_gmt":"2019-04-08T17:41:38","slug":"87826-football-declarations-de-zaim-la-lfp-decide-de-se-constituer-partie-civile","status":"publish","type":"post","link":"https:\/\/linitiative.ca\/International\/87826-football-declarations-de-zaim-la-lfp-decide-de-se-constituer-partie-civile\/","title":{"rendered":"Foot \/ D\u00e9clarations de Za\u00efm : la LFP d\u00e9cide de se constituer partie civile"},"content":{"rendered":"<div>\n<div class=\"K2FeedImage\"><img decoding=\"async\" src=\"http:\/\/www.aps.dz\/media\/k2\/items\/cache\/fa9d0ba5a49e476e5b80e35571aeacbf_S.jpg\" alt=\"Foot \/ D\u00e9clarations de Za\u00efm : la LFP d\u00e9cide de se constituer partie civile\"><\/div>\n<div class=\"K2FeedIntroText\">\n<p>ALGER &#8211; La Ligue de football professionnel (LFP) a d\u00e9cid\u00e9 de se constituer partie civile contre le pr\u00e9sident de l&rsquo;USM Annaba (Ligue 2) Abdelbasset Za\u00efm pour \u00ab\u00a0propos graves portant sur la corruption et arrangement\u00a0\u00bb de matchs, tenus dimanche soir sur le plateau d&rsquo;une cha\u00eene priv\u00e9e.<\/p>\n<\/div>\n<div class=\"K2FeedFullText\">\n<p>\u00ab\u00a0Le bureau ex\u00e9cutif de la LFP, qui s\u2019est r\u00e9uni lundi 8 avril en r\u00e9union ordinaire \u00e0 Alger, a d\u00e9cid\u00e9 d\u2019inviter, devant la commission de discipline, les Pr\u00e9sidents des clubs du CS Constantine Tarek Arama et de l\u2019USM Annaba Abdelbasset Za\u00efm \u00e0 venir s\u2019expliquer sur leur r\u00e9cente d\u00e9claration portant atteinte \u00e0 la dignit\u00e9 et \u00e0 l\u2019honneur envers officiel\u00a0\u00bb, \u00e9crit la LFP dans un communiqu\u00e9 publi\u00e9 lundi sur son site officiel.<\/p>\n<p>Le pr\u00e9sident de l&rsquo;USM Annaba a jet\u00e9 un pav\u00e9 dans la mare en reconnaissant avoir d\u00e9bours\u00e9 la somme de 7 milliards de centimes pour acheter des matchs, ce qui a permis \u00e0 son \u00e9quipe d&rsquo;acc\u00e9der la saison derni\u00e8re de la division nationale amateur (DNA) en Ligue 2.<\/p>\n<hr>\n<p><em><strong>Lire aussi:\u00a0<\/strong><\/em><a href=\"http:\/\/www.aps.dz\/sport\/87813-js-kabylie-benyoucef-et-oukaci-definitivement-rayes-de-la-liste-de-l-effectif\">JS Kabylie: Benyoucef et Oukaci \u00ab\u00a0d\u00e9finitivement ray\u00e9s de la liste de l&rsquo;effectif\u00a0\u00bb<\/a><\/p>\n<hr>\n<p>\u00ab\u00a0Je reconnais avoir d\u00e9bours\u00e9 7 milliards de centimes pour acheter des matchs qui ont permis \u00e0 l\u2019USM Annaba d\u2019acc\u00e9der en Ligue 2. A tous ceux qui ne cessent d\u2019insulter ma m\u00e8re, je leur dis que Za\u00efm n\u2019est pas un voleur. S\u2019il n\u2019a pas mis son argent, leur \u00e9quipe serait aujourd\u2019hui en division amateur\u00a0\u00bb, a affirm\u00e9 Za\u00efm sur le plateau d&rsquo;El-Heddaf TV.<\/p>\n<p>Avant d&rsquo;accuser les deux clubs l&rsquo;AS Khroub et l&rsquo;USM Khenchela, respectivement leader et dauphin de la DNA (Groupe Est) d&rsquo;utiliser le m\u00eame proc\u00e9d\u00e9 pour acc\u00e9der au terme de cette saison en Ligue 2.<\/p>\n<p>\u00ab\u00a0Si l\u2019AS Khroub et l\u2019USM Khenchela vont acc\u00e9der en Ligue 2, c\u2019est qu\u2019ils ont achet\u00e9 des matchs. Celui qui ne recourt pas \u00e0 cette m\u00e9thode \u00e0 l&rsquo;Est ne pourra jamais pr\u00e9tendre \u00e0 l&rsquo;accession, c&rsquo;est le syst\u00e8me. Je ne suis pas venu \u00e0 Annaba pour acheter et vendre, mais ils nous forcent \u00e0 le faire\u00a0\u00bb, a-t-il ajout\u00e9.<\/p>\n<\/div>\n<p><img loading=\"lazy\" decoding=\"async\" src=\"http:\/\/feeds.feedburner.com\/~r\/aps-sport\/~4\/gkwAhpky1L0\" height=\"1\" width=\"1\" alt=\"\"><\/div>\n<p>Auteur:<br \/>\n<a href=\"http:\/\/www.aps.dz\/sport\/87826-football-declarations-de-zaim-la-lfp-decide-de-se-constituer-partie-civile?utm_source=feedburner&#038;utm_medium=feed&#038;utm_campaign=Feed%3A+aps-sport+%28APS+-+SPORT%29\">Cliquez ici pour lire l&rsquo;article depuis sa source.<\/a><\/p>\n","protected":false},"excerpt":{"rendered":"<p>ALGER &#8211; La Ligue de football professionnel (LFP) a d\u00e9cid\u00e9 de se constituer partie civile contre le pr\u00e9sident de l&rsquo;USM Annaba (Ligue 2) Abdelbasset Za\u00efm pour \u00ab\u00a0propos graves portant sur la corruption et arrangement\u00a0\u00bb de matchs, tenus dimanche soir sur le plateau d&rsquo;une cha\u00eene priv\u00e9e. \u00ab\u00a0Le bureau ex\u00e9cutif de la LFP, qui s\u2019est r\u00e9uni lundi [&hellip;]<\/p>\n","protected":false},"author":1790,"featured_media":26629,"comment_status":"closed","ping_status":"closed","sticky":false,"template":"","format":"standard","meta":{"fifu_image_url":"","fifu_image_alt":"","footnotes":""},"categories":[53,75],"tags":[],"class_list":["post-26628","post","type-post","status-publish","format-standard","has-post-thumbnail","hentry","category-algerie","category-sport"],"_links":{"self":[{"href":"https:\/\/linitiative.ca\/International\/wp-json\/wp\/v2\/posts\/26628","targetHints":{"allow":["GET"]}}],"collection":[{"href":"https:\/\/linitiative.ca\/International\/wp-json\/wp\/v2\/posts"}],"about":[{"href":"https:\/\/linitiative.ca\/International\/wp-json\/wp\/v2\/types\/post"}],"author":[{"embeddable":true,"href":"https:\/\/linitiative.ca\/International\/wp-json\/wp\/v2\/users\/1790"}],"replies":[{"embeddable":true,"href":"https:\/\/linitiative.ca\/International\/wp-json\/wp\/v2\/comments?post=26628"}],"version-history":[{"count":0,"href":"https:\/\/linitiative.ca\/International\/wp-json\/wp\/v2\/posts\/26628\/revisions"}],"wp:featuredmedia":[{"embeddable":true,"href":"https:\/\/linitiative.ca\/International\/wp-json\/"}],"wp:attachment":[{"href":"https:\/\/linitiative.ca\/International\/wp-json\/wp\/v2\/media?parent=26628"}],"wp:term":[{"taxonomy":"category","embeddable":true,"href":"https:\/\/linitiative.ca\/International\/wp-json\/wp\/v2\/categories?post=26628"},{"taxonomy":"post_tag","embeddable":true,"href":"https:\/\/linitiative.ca\/International\/wp-json\/wp\/v2\/tags?post=26628"}],"curies":[{"name":"wp","href":"https:\/\/api.w.org\/{rel}","templated":true}]}}