{"id":26637,"date":"2019-04-08T13:36:00","date_gmt":"2019-04-08T17:36:00","guid":{"rendered":"https:\/\/linitiative.ca\/International\/apc-doran-pres-de-1-100-agents-contractuels-seront-titularises\/"},"modified":"2019-04-08T13:36:00","modified_gmt":"2019-04-08T17:36:00","slug":"apc-doran-pres-de-1-100-agents-contractuels-seront-titularises","status":"publish","type":"post","link":"https:\/\/linitiative.ca\/International\/apc-doran-pres-de-1-100-agents-contractuels-seront-titularises\/","title":{"rendered":"APC D&rsquo;ORAN  : Pr\u00e8s de 1.100 agents contractuels seront titularis\u00e9s"},"content":{"rendered":"<p><br id=\"sep_para_1\" class=\"sep_para access\"\/><\/p>\n<div id=\"para_1\" class=\"para_30263614 resize\">\n<div class=\"texte access firstletter\">Quelque 1.100 agents contractuels relevant\u00a0 de la division de l\u2019hygi\u00e8ne et de \u00a0\u00a0 \u00a0\u00a0\u00a0 \u00a0\u00a0\u00a0 \u00a0l\u2019assainissement (DHA)\u00a0 seront titularis\u00e9s selon les promesses du wali d&rsquo;Oran.\u00a0 Cette initiative du wali a \u00e9t\u00e9 salu\u00e9e par les repr\u00e9sentants des travailleurs et par les contractuels et vacataires qui attendent depuis des ann\u00e9es une \u00e9ventuelle titularisation. Il a affirm\u00e9 que le dossier a \u00e9t\u00e9 approuv\u00e9 et que la wilaya a re\u00e7u les autorisations pour la titularisation de ces travailleurs. Il y a plus de cinq mois, le wali d\u2019Oran avait donn\u00e9 son aval pour intervenir aupr\u00e8s de la tutelle et des services de la fonction publique pour relancer le dossier de titularisation des 1.100 travailleurs contractuels de la commune d\u2019Oran. Le wali avait aussi assur\u00e9 qu\u2019il interviendra aupr\u00e8s du minist\u00e8re de l\u2019int\u00e9rieur pour l\u2019application de la d\u00e9lib\u00e9ration adopt\u00e9e par l\u2019APC concernant les 800 travailleurs vacataires. Les d\u00e9clarations du wali avaient \u00e9t\u00e9 faites \u00e0 l\u2019issue de sa rencontre avec les repr\u00e9sentants de la f\u00e9d\u00e9ration nationale des travailleurs des collectivit\u00e9s locales, tenue au si\u00e8ge de la wilaya. Les travailleurs ont saisi cette occasion pour exposer d\u2019autres revendications, li\u00e9es au logement, \u00e0 l\u2019am\u00e9lioration de leurs conditions socio professionnelles, ainsi que le probl\u00e8me des dettes des concessionnaires priv\u00e9s charg\u00e9s de la collecte. A ce propos, le premier responsable de l\u2019ex\u00e9cutif a indiqu\u00e9 que des groupes de travail seront mis en place pour \u00e9tudier ces probl\u00e8mes et trouver des solutions. Avant d\u2019ajouter que \u00ab la wilaya d\u00e9bloquera des enveloppes financi\u00e8res pour assainir la situation des concessionnaires priv\u00e9s. Pour rappel, des travailleurs de la commune d\u2019Oran notamment des agents des services d\u2019hygi\u00e8ne et de gardiennage, ont organis\u00e9, le mois dernier, une s\u00e9rie de sit-in de protestation devant le si\u00e8ge de l\u2019APC d\u2019Oran des secteurs urbains. La derni\u00e8re protestation remonte \u00e0 jeudi 28 mars, suite \u00e0 l\u2019appel lanc\u00e9 par le bureau ex\u00e9cutif de la f\u00e9d\u00e9ration nationale des travailleurs des collectivit\u00e9s locales et de l\u2019administration suite \u00e0 une r\u00e9union extraordinaire tenue le 25 mars. Les communaux se sont rassembl\u00e9s devant les secteurs urbains brandissant des banderoles \u00ab criant l\u2019injustice et la marginalisation \u00bb et revendiquant des \u00abaugmentations de salaires et un statut digne \u00bb. Ils ont menac\u00e9 de recourir \u00e0 une autre gr\u00e8ve si leur revendications ne sont pas satisfaites notamment la situation professionnelle, le probl\u00e8me du logement, les indemnit\u00e9s des travailleurs bloqu\u00e9es depuis deux ann\u00e9es, la dotation en \u00e9quipements de s\u00e9curit\u00e9 et le vaccin pour agents des services d&rsquo;hygi\u00e8ne et de gardiennage, la titularisation.<\/div>\n<\/div>\n<p>Auteur: Medjadji Habib<br \/>\n<a href=\"https:\/\/www.reflexiondz.net\/APC-D-ORAN-Pres-de-1-100-agents-contractuels-seront-titularises_a55296.html\">Cliquez ici pour lire l&rsquo;article depuis sa source.<\/a><\/p>\n","protected":false},"excerpt":{"rendered":"<p>Quelque 1.100 agents contractuels relevant\u00a0 de la division de l\u2019hygi\u00e8ne et de \u00a0\u00a0 \u00a0\u00a0\u00a0 \u00a0\u00a0\u00a0 \u00a0l\u2019assainissement (DHA)\u00a0 seront titularis\u00e9s selon les promesses du wali d&rsquo;Oran.\u00a0 Cette initiative du wali a \u00e9t\u00e9 salu\u00e9e par les repr\u00e9sentants des travailleurs et par les contractuels et vacataires qui attendent depuis des ann\u00e9es une \u00e9ventuelle titularisation. Il a affirm\u00e9 que [&hellip;]<\/p>\n","protected":false},"author":1740,"featured_media":0,"comment_status":"closed","ping_status":"closed","sticky":false,"template":"","format":"standard","meta":{"fifu_image_url":"","fifu_image_alt":"","footnotes":""},"categories":[53,76],"tags":[],"class_list":["post-26637","post","type-post","status-publish","format-standard","hentry","category-algerie","category-regions"],"_links":{"self":[{"href":"https:\/\/linitiative.ca\/International\/wp-json\/wp\/v2\/posts\/26637","targetHints":{"allow":["GET"]}}],"collection":[{"href":"https:\/\/linitiative.ca\/International\/wp-json\/wp\/v2\/posts"}],"about":[{"href":"https:\/\/linitiative.ca\/International\/wp-json\/wp\/v2\/types\/post"}],"author":[{"embeddable":true,"href":"https:\/\/linitiative.ca\/International\/wp-json\/wp\/v2\/users\/1740"}],"replies":[{"embeddable":true,"href":"https:\/\/linitiative.ca\/International\/wp-json\/wp\/v2\/comments?post=26637"}],"version-history":[{"count":0,"href":"https:\/\/linitiative.ca\/International\/wp-json\/wp\/v2\/posts\/26637\/revisions"}],"wp:attachment":[{"href":"https:\/\/linitiative.ca\/International\/wp-json\/wp\/v2\/media?parent=26637"}],"wp:term":[{"taxonomy":"category","embeddable":true,"href":"https:\/\/linitiative.ca\/International\/wp-json\/wp\/v2\/categories?post=26637"},{"taxonomy":"post_tag","embeddable":true,"href":"https:\/\/linitiative.ca\/International\/wp-json\/wp\/v2\/tags?post=26637"}],"curies":[{"name":"wp","href":"https:\/\/api.w.org\/{rel}","templated":true}]}}