{"id":26638,"date":"2019-04-08T13:36:00","date_gmt":"2019-04-08T17:36:00","guid":{"rendered":"https:\/\/linitiative.ca\/International\/oued-sefioune-sidi-bel-abbes-les-citoyens-ferment-le-siege-de-la-mairie\/"},"modified":"2019-04-08T13:36:00","modified_gmt":"2019-04-08T17:36:00","slug":"oued-sefioune-sidi-bel-abbes-les-citoyens-ferment-le-siege-de-la-mairie","status":"publish","type":"post","link":"https:\/\/linitiative.ca\/International\/oued-sefioune-sidi-bel-abbes-les-citoyens-ferment-le-siege-de-la-mairie\/","title":{"rendered":"OUED SEFIOUNE  (SIDI BEL ABBES) : Les citoyens ferment  le si\u00e8ge de la mairie"},"content":{"rendered":"<p><br id=\"sep_para_1\" class=\"sep_para access\"\/><\/p>\n<div id=\"para_1\" class=\"para_30263620 resize\">\n<div class=\"texte access firstletter\">Plusieurs dizaines de citoyens d&rsquo;Oued S\u00e9fioune, chef-lieu de commune, distant de quelque 25 km au sud-est de Sidi Bel Abb\u00e8s, ont proc\u00e9d\u00e9 hier dimanche \u00e0 la fermeture du si\u00e8ge de la mairie pour r\u00e9clamer un brin de consid\u00e9ration \u00e0 leur \u00e9gard\u00a0 ainsi qu&rsquo; une enqu\u00eate approfondie \u00e0 d\u00e9clencher par une commission sp\u00e9ciale sur la gestion boiteuse de la\u00a0 municipalit\u00e9 et les retards consid\u00e9rables qu&rsquo;elle accuserait sur tous les plans ,contrairement, lan\u00e7aient-ils, aux communes voisines que nous consid\u00e9rons en plein essor\u00bb. Les protestataires n&rsquo;ont pas cess\u00e9 d&rsquo;exiger la pr\u00e9sence sur les lieux, du wali, M. Ahmed\u00a0 Abdelhafid Sassi afin de lui soulever la plateforme de leurs revendications notamment\u00a0 le probl\u00e8me \u00e9pineux du foncier qui ne fait que ralentir, voire m\u00eame bloquer le d\u00e9veloppement \u00e9conomique local. D\u2019autres m\u00e9contents, saisissant l&rsquo;opportunit\u00e9, ont soulign\u00e9 qu&rsquo;ils seraient confront\u00e9s actuellement \u00e0 une p\u00e9nurie d&rsquo;eau sans pr\u00e9c\u00e9dent et qu&rsquo;aucune solution n&rsquo;aurait \u00e9t\u00e9 trouv\u00e9e pour les apaiser ou du moins, all\u00e9ger leur souffrance quotidienne. Pour rappel, la wilaya de Sidi Bel Abb\u00e8s vient d&rsquo;\u00eatre secou\u00e9e ces derniers jours, par une vague de mouvements de protestations exerc\u00e9s \u00e0\u00a0 Lamtar, Sehala, Benachiba et Marhoum ,avant de toucher Oued S\u00e9fioune .\u00a0\u00a0\u00a0\u00a0\u00a0\u00a0<\/div>\n<\/div>\n<p>Auteur: M Noui<br \/>\n<a href=\"https:\/\/www.reflexiondz.net\/OUED-SEFIOUNE-SIDI-BEL-ABBES-Les-citoyens-ferment-le-siege-de-la-mairie_a55298.html\">Cliquez ici pour lire l&rsquo;article depuis sa source.<\/a><\/p>\n","protected":false},"excerpt":{"rendered":"<p>Plusieurs dizaines de citoyens d&rsquo;Oued S\u00e9fioune, chef-lieu de commune, distant de quelque 25 km au sud-est de Sidi Bel Abb\u00e8s, ont proc\u00e9d\u00e9 hier dimanche \u00e0 la fermeture du si\u00e8ge de la mairie pour r\u00e9clamer un brin de consid\u00e9ration \u00e0 leur \u00e9gard\u00a0 ainsi qu&rsquo; une enqu\u00eate approfondie \u00e0 d\u00e9clencher par une commission sp\u00e9ciale sur la gestion [&hellip;]<\/p>\n","protected":false},"author":1740,"featured_media":0,"comment_status":"closed","ping_status":"closed","sticky":false,"template":"","format":"standard","meta":{"fifu_image_url":"","fifu_image_alt":"","footnotes":""},"categories":[53,76],"tags":[],"class_list":["post-26638","post","type-post","status-publish","format-standard","hentry","category-algerie","category-regions"],"_links":{"self":[{"href":"https:\/\/linitiative.ca\/International\/wp-json\/wp\/v2\/posts\/26638","targetHints":{"allow":["GET"]}}],"collection":[{"href":"https:\/\/linitiative.ca\/International\/wp-json\/wp\/v2\/posts"}],"about":[{"href":"https:\/\/linitiative.ca\/International\/wp-json\/wp\/v2\/types\/post"}],"author":[{"embeddable":true,"href":"https:\/\/linitiative.ca\/International\/wp-json\/wp\/v2\/users\/1740"}],"replies":[{"embeddable":true,"href":"https:\/\/linitiative.ca\/International\/wp-json\/wp\/v2\/comments?post=26638"}],"version-history":[{"count":0,"href":"https:\/\/linitiative.ca\/International\/wp-json\/wp\/v2\/posts\/26638\/revisions"}],"wp:attachment":[{"href":"https:\/\/linitiative.ca\/International\/wp-json\/wp\/v2\/media?parent=26638"}],"wp:term":[{"taxonomy":"category","embeddable":true,"href":"https:\/\/linitiative.ca\/International\/wp-json\/wp\/v2\/categories?post=26638"},{"taxonomy":"post_tag","embeddable":true,"href":"https:\/\/linitiative.ca\/International\/wp-json\/wp\/v2\/tags?post=26638"}],"curies":[{"name":"wp","href":"https:\/\/api.w.org\/{rel}","templated":true}]}}