{"id":26649,"date":"2019-04-08T05:00:53","date_gmt":"2019-04-08T09:00:53","guid":{"rendered":"https:\/\/linitiative.ca\/International\/abid-charef-bientot-remis-en-selle\/"},"modified":"2019-04-08T05:00:53","modified_gmt":"2019-04-08T09:00:53","slug":"abid-charef-bientot-remis-en-selle","status":"publish","type":"post","link":"https:\/\/linitiative.ca\/International\/abid-charef-bientot-remis-en-selle\/","title":{"rendered":"Abid Charef bient\u00f4t remis en selle ?"},"content":{"rendered":"<h4 class=\"title-14\"\/>\n<div class=\"featured_image\"><img width=\"400\" height=\"567\" data-cfsrc=\"https:\/\/www.elwatan.com\/wp-content\/uploads\/2019\/04\/Sans-titre-1-28.gif\" class=\"attachment-post-thumbnail size-post-thumbnail wp-post-image c1\" alt=\"\"\/><noscript><\/p>\n<p><img loading=\"lazy\" decoding=\"async\" width=\"400\" height=\"567\" src=\"https:\/\/www.elwatan.com\/wp-content\/uploads\/2019\/04\/Sans-titre-1-28.gif\" class=\"attachment-post-thumbnail size-post-thumbnail wp-post-image\" alt=\"\"\/><\/p>\n<p><\/noscript><\/div>\n<p class=\"p3\"><span class=\"s3\"><strong>L<\/strong><\/span><span class=\"s2\">\u2019arbitre Mehdi Abid Charef a-t-il encore une chance de retrouver son statut plein et entier d\u2019arbitre international, avec la possibilit\u00e9 de briguer une place au Mondial Qatar 2022 ? Cette hypoth\u00e8se semblait exclue il y a quelques semaines.<\/span><\/p>\n<p class=\"p3\"><span class=\"s2\">A priori, la situation semble \u00e9voluer dans ce sens, apr\u00e8s la mission de bons offices que m\u00e8nent discr\u00e8tement quelques parties aupr\u00e8s de dirigeants de l\u2019instance fa\u00eeti\u00e8re du football africain. Pour rappel, le comit\u00e9 disciplinaire de la Conf\u00e9d\u00e9ration africaine de football (CAF) avait suspendu provisoirement Mehdi Abid Charef, \u00e0 l\u2019issue de la finale aller de la Ligue des champions remport\u00e9e 3-1 par le Ahly du Caire face \u00e0 l\u2019ES Tunis, \u00e9voquant des <em>\u00absoup\u00e7ons de corruption\u00bb<\/em> contre l\u2019enfant de Constantine.<\/span><\/p>\n<p class=\"p3\"><span class=\"s2\">L\u2019arbitre zambien Janny Sikazwe a subi le m\u00eame sort que l\u2019arbitre alg\u00e9rien. Les m\u00eames motifs avaient \u00e9t\u00e9 retenus contre lui apr\u00e8s la demi-finale retour de la Ligue des champions ES Tunis- Primeiro Agosto (Angola). Le 21 janvier 2019, la CAF a lev\u00e9 la suspension des deux arbitres\u2026 mais avec un r\u00e9gime diff\u00e9rent.<\/span><\/p>\n<p class=\"p3\"><span class=\"s2\">Alors que Mehdi Abid Charef n\u2019a plus \u00e9t\u00e9 d\u00e9sign\u00e9 par la CAF, le Zambien Janny Sikazwe a retrouv\u00e9 son statut et a \u00e9t\u00e9 d\u00e9sign\u00e9 dans le petit groupe d\u2019arbitres qui ont dirig\u00e9 la Supercoupe ES Tunis-Raja de Casablanca \u00e0 Doha, au cours du mois de mars dernier. Cette politique de deux poids deux mesures a fait r\u00e9agir une partie alg\u00e9rienne, qui a plaid\u00e9 en faveur du retour au premier plan de Mehdi Abid Charef, en mettant en relief le rep\u00eachage de l\u2019arbitre zambien et le m\u00e9pris affich\u00e9 \u00e0 l\u2019endroit de son coll\u00e8gue alg\u00e9rien.<strong><em>\u00a0<\/em><\/strong><\/span><\/p>\n<div class=\"yuzo_related_post style-1\" data-version=\"5.12.88\">\n<p><h3>Related Post<\/h3>\n<\/p>\n<div class=\"yuzo_wraps\">\n<div class=\"relatedthumb relatedpost-563672 c12\"><a href=\"https:\/\/www.elwatan.com\/regions\/kabylie\/tizi-ouzou\/rencontre-entre-les-investisseurs-et-les-autorites-13-03-2019\"\/><\/p>\n<p><span class=\"yuzo__text--title c11\">Rencontre entre les investisseurs et les autorit\u00e9s&#8230;<\/span><\/div>\n<div class=\"relatedthumb relatedpost-563821 c12\"><a href=\"https:\/\/www.elwatan.com\/edition\/actualite\/sidi-bel-abbes-non-a-la-prolongation-du-4e-mandat-14-03-2019\"\/><\/p>\n<p><span class=\"yuzo__text--title c11\">Sidi Bel Abb\u00e8s : Non \u00e0 la prolongation du 4e manda&#8230;<\/span><\/div>\n<div class=\"relatedthumb relatedpost-151739 c12\"><a href=\"https:\/\/www.elwatan.com\/regions\/centre\/alger\/des-travaux-en-concordance-avec-lensemble-25-09-2018\"\/><\/p>\n<p><span class=\"yuzo__text--title c11\">Des travaux en concordance avec l\u2019ensemble<\/span><\/div>\n<div class=\"relatedthumb relatedpost-144369 c12\"><a href=\"https:\/\/www.elwatan.com\/edition\/actualite\/les-principes-soummamiens-a-lepreuve-du-temps-17-08-2018\"\/><\/p>\n<p><span class=\"yuzo__text--title c11\">Les principes soummamiens \u00e0\u00a0l\u2019\u00e9preuve du temps&#8230;<\/span><\/div>\n<\/div>\n<\/div>\n<p><span class=\"post-views-label\">Post Views:<\/span> <span class=\"post-views-count\">66<\/span><\/p>\n<p>Auteur: Anis Khecheba<br \/>\n<a href=\"https:\/\/www.elwatan.com\/edition\/sports\/abid-charef-bientot-remis-en-selle-08-04-2019\">Cliquez ici pour lire l&rsquo;article depuis sa source.<\/a><\/p>\n","protected":false},"excerpt":{"rendered":"<p>L\u2019arbitre Mehdi Abid Charef a-t-il encore une chance de retrouver son statut plein et entier d\u2019arbitre international, avec la possibilit\u00e9 de briguer une place au Mondial Qatar 2022 ? Cette hypoth\u00e8se semblait exclue il y a quelques semaines. A priori, la situation semble \u00e9voluer dans ce sens, apr\u00e8s la mission de bons offices que m\u00e8nent [&hellip;]<\/p>\n","protected":false},"author":1743,"featured_media":26650,"comment_status":"closed","ping_status":"closed","sticky":false,"template":"","format":"standard","meta":{"fifu_image_url":"","fifu_image_alt":"","footnotes":""},"categories":[73,53],"tags":[],"class_list":["post-26649","post","type-post","status-publish","format-standard","has-post-thumbnail","hentry","category-actualite","category-algerie"],"_links":{"self":[{"href":"https:\/\/linitiative.ca\/International\/wp-json\/wp\/v2\/posts\/26649","targetHints":{"allow":["GET"]}}],"collection":[{"href":"https:\/\/linitiative.ca\/International\/wp-json\/wp\/v2\/posts"}],"about":[{"href":"https:\/\/linitiative.ca\/International\/wp-json\/wp\/v2\/types\/post"}],"author":[{"embeddable":true,"href":"https:\/\/linitiative.ca\/International\/wp-json\/wp\/v2\/users\/1743"}],"replies":[{"embeddable":true,"href":"https:\/\/linitiative.ca\/International\/wp-json\/wp\/v2\/comments?post=26649"}],"version-history":[{"count":0,"href":"https:\/\/linitiative.ca\/International\/wp-json\/wp\/v2\/posts\/26649\/revisions"}],"wp:featuredmedia":[{"embeddable":true,"href":"https:\/\/linitiative.ca\/International\/wp-json\/"}],"wp:attachment":[{"href":"https:\/\/linitiative.ca\/International\/wp-json\/wp\/v2\/media?parent=26649"}],"wp:term":[{"taxonomy":"category","embeddable":true,"href":"https:\/\/linitiative.ca\/International\/wp-json\/wp\/v2\/categories?post=26649"},{"taxonomy":"post_tag","embeddable":true,"href":"https:\/\/linitiative.ca\/International\/wp-json\/wp\/v2\/tags?post=26649"}],"curies":[{"name":"wp","href":"https:\/\/api.w.org\/{rel}","templated":true}]}}