{"id":26670,"date":"2019-04-08T05:11:43","date_gmt":"2019-04-08T09:11:43","guid":{"rendered":"https:\/\/linitiative.ca\/International\/lequipe-marocaine-sacree-aux-olympiades-panafricaines-des-mathematiques-2019\/"},"modified":"2019-04-08T05:11:43","modified_gmt":"2019-04-08T09:11:43","slug":"lequipe-marocaine-sacree-aux-olympiades-panafricaines-des-mathematiques-2019","status":"publish","type":"post","link":"https:\/\/linitiative.ca\/International\/lequipe-marocaine-sacree-aux-olympiades-panafricaines-des-mathematiques-2019\/","title":{"rendered":"L\u2019\u00e9quipe marocaine sacr\u00e9e aux Olympiades panafricaines des math\u00e9matiques 2019"},"content":{"rendered":"<p>L\u2019\u00e9quipe marocaine a remport\u00e9 la m\u00e9daille d\u2019or de la 27\u00e8me \u00e9dition des Olympiades panafricaines des math\u00e9matiques, organis\u00e9e du 31 mars au 6 avril au Cap, en Afrique du Sud.<\/p>\n<div class=\"c10\"\/>\n<p>Selon un communiqu\u00e9 du minist\u00e8re de l\u2019\u00c9ducation nationale, de la formation professionnelle, de l\u2019enseignement sup\u00e9rieur et de la recherche scientifique, l\u2019\u00e9quipe marocaine compos\u00e9e de six \u00e9tudiants de la section sciences math\u00e9matiques, option Fran\u00e7ais, a r\u00e9colt\u00e9 147 points, surclassant l\u2019Afrique du Sud (142 pts) et la Tunisie (133 pts).<\/p>\n<p>Parmi les plus importants r\u00e9sultats des membres de l\u2019\u00e9quipe nationale, qui \u00e9taient en comp\u00e9tition avec 62 participants repr\u00e9sentant 12 pays, figure la m\u00e9daille d\u2019or de Marouane Chafi.<\/p>\n<p>Ines El-Bouzaidi Tiali, Mariam El Khatri et Ziad Eddine Amzil ont d\u00e9croch\u00e9 la m\u00e9daille d\u2019argent. El-Bouzaidi Tiali remporte, ainsi, la m\u00e9daille d\u2019or dans le classement f\u00e9minin, pour \u00eatre sacr\u00e9e \u00ab\u00a0Reine des math\u00e9matiques africaines 2019\u00a0\u00bb. De leur c\u00f4t\u00e9, Khaoula El Maddah et Adam El Ouarghi ont remport\u00e9 la m\u00e9daille de bronze.<\/p>\n<div class=\"c17\">\n<fieldset class=\"c16\">\n<legend><strong><span class=\"c11\">Challenge<\/span><span class=\"c12\">news<\/span><\/strong><\/legend>\n<div class=\"c15\">Le meilleur de la r\u00e9daction s\u00e9lectionn\u00e9 par Challenge :<\/p>\n<\/div>\n<\/fieldset>\n<\/div>\n<p>Auteur: challenge<br \/>\n<a href=\"https:\/\/www.challenge.ma\/lequipe-marocaine-sacree-aux-olympiades-panafricaines-des-mathematiques-2019-107397\/\">Cliquez ici pour lire l&rsquo;article depuis sa source.<\/a><\/p>\n","protected":false},"excerpt":{"rendered":"<p>L\u2019\u00e9quipe marocaine a remport\u00e9 la m\u00e9daille d\u2019or de la 27\u00e8me \u00e9dition des Olympiades panafricaines des math\u00e9matiques, organis\u00e9e du 31 mars au 6 avril au Cap, en Afrique du Sud. Selon un communiqu\u00e9 du minist\u00e8re de l\u2019\u00c9ducation nationale, de la formation professionnelle, de l\u2019enseignement sup\u00e9rieur et de la recherche scientifique, l\u2019\u00e9quipe marocaine compos\u00e9e de six \u00e9tudiants [&hellip;]<\/p>\n","protected":false},"author":1787,"featured_media":0,"comment_status":"closed","ping_status":"closed","sticky":false,"template":"","format":"standard","meta":{"fifu_image_url":"","fifu_image_alt":"","footnotes":""},"categories":[78,54],"tags":[],"class_list":["post-26670","post","type-post","status-publish","format-standard","hentry","category-economie","category-maroc"],"_links":{"self":[{"href":"https:\/\/linitiative.ca\/International\/wp-json\/wp\/v2\/posts\/26670","targetHints":{"allow":["GET"]}}],"collection":[{"href":"https:\/\/linitiative.ca\/International\/wp-json\/wp\/v2\/posts"}],"about":[{"href":"https:\/\/linitiative.ca\/International\/wp-json\/wp\/v2\/types\/post"}],"author":[{"embeddable":true,"href":"https:\/\/linitiative.ca\/International\/wp-json\/wp\/v2\/users\/1787"}],"replies":[{"embeddable":true,"href":"https:\/\/linitiative.ca\/International\/wp-json\/wp\/v2\/comments?post=26670"}],"version-history":[{"count":0,"href":"https:\/\/linitiative.ca\/International\/wp-json\/wp\/v2\/posts\/26670\/revisions"}],"wp:attachment":[{"href":"https:\/\/linitiative.ca\/International\/wp-json\/wp\/v2\/media?parent=26670"}],"wp:term":[{"taxonomy":"category","embeddable":true,"href":"https:\/\/linitiative.ca\/International\/wp-json\/wp\/v2\/categories?post=26670"},{"taxonomy":"post_tag","embeddable":true,"href":"https:\/\/linitiative.ca\/International\/wp-json\/wp\/v2\/tags?post=26670"}],"curies":[{"name":"wp","href":"https:\/\/api.w.org\/{rel}","templated":true}]}}