{"id":26671,"date":"2019-04-08T05:22:51","date_gmt":"2019-04-08T09:22:51","guid":{"rendered":"https:\/\/linitiative.ca\/International\/lallemand-festo-simplante-au-maroc\/"},"modified":"2019-04-08T05:22:51","modified_gmt":"2019-04-08T09:22:51","slug":"lallemand-festo-simplante-au-maroc","status":"publish","type":"post","link":"https:\/\/linitiative.ca\/International\/lallemand-festo-simplante-au-maroc\/","title":{"rendered":"L\u2019allemand FESTO s\u2019implante au Maroc"},"content":{"rendered":"<p class=\"p1\"><span class=\"s1\">L<\/span><span class=\"s1\">e groupe allemand <strong>Festo<\/strong> souhaite acc\u00e9l\u00e9rer son d\u00e9veloppement au Maroc. Le leader mondial des solutions techniques en mati\u00e8re d\u2019automatisation pneumatique et \u00e9lectrique, qui comptait d\u00e9j\u00e0 plusieurs distributeurs partenaires dans le Royaume, vient de franchir le pas en y prenant directement pied.<\/span><\/p>\n<div class=\"c10\"\/>\n<p class=\"p2\"><span class=\"s1\">Aussi, ce groupe qui p\u00e8se plus de 3 milliards d\u2019euros en chiffre d\u2019affaires (pr\u00e8s de 35 milliards de dirhams) gr\u00e2ce \u00e0 pr\u00e8s de 300.000 clients actifs dans plus de 35 secteurs diff\u00e9rents, vient de cr\u00e9er Festo Maroc. Bas\u00e9e \u00e0 Casablanca, cette nouvelle entit\u00e9 aura une mission purement commerciale et marketing, notamment \u00e0 travers la prospection cibl\u00e9e et la mise en place d\u2019actions marketing et \u00e9v\u00e8nementielles pour mieux pousser la panoplie des produits du groupe. Ceux-ci vont de la connectique \u00e9lectrique et pneumatique aux solutions de conditionnement de l\u2019air comprim\u00e9, en passant par l\u2019automatisation de process, ou encore la formation technique de pointe (administr\u00e9e \u00e0 travers la filiale <strong>Festo Didactic<\/strong>, qui compte environ 60.000 \u00e9tablissements de formation, universit\u00e9s, \u00e9tablissements d\u2019enseignement sup\u00e9rieur et entreprises industrielles du monde entier comme clients et partenaires).<\/span><\/p>\n<p class=\"p2\"><span class=\"s1\">Il est \u00e0 noter que ces solutions sont d\u00e9j\u00e0 en partie distribu\u00e9es sur le march\u00e9 marocain par des distributeurs tels Fluides Syst\u00e8mes et le groupe Sofimed. Mais le groupe Festo compte am\u00e9liorer son taux de p\u00e9n\u00e9tration aupr\u00e8s des industriels marocains, alors que le <strong>Plan d\u2019Acc\u00e9l\u00e9ration Industrielle<\/strong> pr\u00e9voit de hisser substantiellement la part de l\u2019industrie dans le PIB du pays (de 14% en 2015 \u00e0 23% \u00e0 horizon 2020).<\/span><\/p>\n<p class=\"p2\"><span class=\"s1\">Festo Maroc est la deuxi\u00e8me entit\u00e9 maghr\u00e9bine du groupe \u00e9ponyme apr\u00e8s celle cr\u00e9\u00e9e en 2007 d\u00e9j\u00e0 \u00e0 Tunis (Festo Maghreb).<\/span><\/p>\n<p class=\"p2\"><span class=\"s1\">Rappelons que malgr\u00e9 sa dimension mondiale qui emploie plus de 20.000 collaborateurs \u00e0 travers une soixantaine de pays, le groupe Festo est rest\u00e9, depuis sa cr\u00e9ation en 1925, une entit\u00e9 familiale ayant son si\u00e8ge dans son fief historique Esslingen (localit\u00e9 situ\u00e9e pr\u00e8s de Stuttgart au Sud de l\u2019Allemagne).<\/span><\/p>\n<div class=\"c17\">\n<fieldset class=\"c16\">\n<legend><strong><span class=\"c11\">Challenge<\/span><span class=\"c12\">news<\/span><\/strong><\/legend>\n<div class=\"c15\">Le meilleur de la r\u00e9daction s\u00e9lectionn\u00e9 par Challenge :<\/p>\n<\/div>\n<\/fieldset>\n<\/div>\n<p>Auteur: challenge<br \/>\n<a href=\"https:\/\/www.challenge.ma\/lallemand-festo-simplante-au-maroc-107394\/\">Cliquez ici pour lire l&rsquo;article depuis sa source.<\/a><\/p>\n","protected":false},"excerpt":{"rendered":"<p>Le groupe allemand Festo souhaite acc\u00e9l\u00e9rer son d\u00e9veloppement au Maroc. Le leader mondial des solutions techniques en mati\u00e8re d\u2019automatisation pneumatique et \u00e9lectrique, qui comptait d\u00e9j\u00e0 plusieurs distributeurs partenaires dans le Royaume, vient de franchir le pas en y prenant directement pied. Aussi, ce groupe qui p\u00e8se plus de 3 milliards d\u2019euros en chiffre d\u2019affaires (pr\u00e8s [&hellip;]<\/p>\n","protected":false},"author":1787,"featured_media":0,"comment_status":"closed","ping_status":"closed","sticky":false,"template":"","format":"standard","meta":{"fifu_image_url":"","fifu_image_alt":"","footnotes":""},"categories":[78,54],"tags":[],"class_list":["post-26671","post","type-post","status-publish","format-standard","hentry","category-economie","category-maroc"],"_links":{"self":[{"href":"https:\/\/linitiative.ca\/International\/wp-json\/wp\/v2\/posts\/26671","targetHints":{"allow":["GET"]}}],"collection":[{"href":"https:\/\/linitiative.ca\/International\/wp-json\/wp\/v2\/posts"}],"about":[{"href":"https:\/\/linitiative.ca\/International\/wp-json\/wp\/v2\/types\/post"}],"author":[{"embeddable":true,"href":"https:\/\/linitiative.ca\/International\/wp-json\/wp\/v2\/users\/1787"}],"replies":[{"embeddable":true,"href":"https:\/\/linitiative.ca\/International\/wp-json\/wp\/v2\/comments?post=26671"}],"version-history":[{"count":0,"href":"https:\/\/linitiative.ca\/International\/wp-json\/wp\/v2\/posts\/26671\/revisions"}],"wp:attachment":[{"href":"https:\/\/linitiative.ca\/International\/wp-json\/wp\/v2\/media?parent=26671"}],"wp:term":[{"taxonomy":"category","embeddable":true,"href":"https:\/\/linitiative.ca\/International\/wp-json\/wp\/v2\/categories?post=26671"},{"taxonomy":"post_tag","embeddable":true,"href":"https:\/\/linitiative.ca\/International\/wp-json\/wp\/v2\/tags?post=26671"}],"curies":[{"name":"wp","href":"https:\/\/api.w.org\/{rel}","templated":true}]}}