{"id":26673,"date":"2019-04-08T12:23:21","date_gmt":"2019-04-08T16:23:21","guid":{"rendered":"https:\/\/linitiative.ca\/International\/il-fait-lactu-tedros-adhanom-ghebreyesus-directeur-general-de-loms\/"},"modified":"2019-04-08T12:23:21","modified_gmt":"2019-04-08T16:23:21","slug":"il-fait-lactu-tedros-adhanom-ghebreyesus-directeur-general-de-loms","status":"publish","type":"post","link":"https:\/\/linitiative.ca\/International\/il-fait-lactu-tedros-adhanom-ghebreyesus-directeur-general-de-loms\/","title":{"rendered":"Il fait l\u2019actu : Tedros Adhanom Ghebreyesus, directeur g\u00e9n\u00e9ral de l\u2019OMS"},"content":{"rendered":"<p>L\u2019Organisation Mondiale de la Sant\u00e9 (OMS) entend renforcer son partenariat avec le Maroc, a affirm\u00e9, lundi \u00e0 Rabat, le directeur g\u00e9n\u00e9ral de l\u2019OMS, Tedros Adhanom Ghebreyesus, \u00e0 l\u2019issue de ses entretiens avec le ministre des affaires \u00e9trang\u00e8res et de la coop\u00e9ration internationale, Nasser Bourita.<\/p>\n<div class=\"c10\"\/>\n<p>Dans une d\u00e9claration \u00e0 la presse \u00e0 l\u2019issue de cette rencontre, Ghebreyesus a indiqu\u00e9 que la c\u00e9l\u00e9bration de la Journ\u00e9e mondiale de la Sant\u00e9 au Maroc vient en reconnaissance de l\u2019engagement du Royaume pour la g\u00e9n\u00e9ralisation de la couverture m\u00e9dicale, d\u2019autant que le Maroc a inscrit la sant\u00e9 comme un droit dans sa Constitution de 2011.<\/p>\n<p>\u00ab\u00a0Dans le cadre de cette visite officielle, j\u2019ai \u00e9galement eu l\u2019occasion de tenir des entretiens avec le ministre de la Sant\u00e9 avec qui nous avons identifi\u00e9 deux domaines dans lesquels l\u2019OMS et le Royaume peuvent coop\u00e9rer, \u00e0 savoir; les ressources humaines dans la sant\u00e9 et la pr\u00e9paration et la riposte aux situations d\u2019urgence\u00a0\u00bb, a ajout\u00e9 Ghebreyesus.<\/p>\n<p>Au-del\u00e0 du fait de relever ces deux d\u00e9fis majeurs, notamment dans certaines r\u00e9gions du Royaume, \u00ab\u00a0nous souhaitons que le Maroc aide d\u2019autres pays \u00e0 surmonter ces probl\u00e8mes qui touchent l\u2019ensemble de la plan\u00e8te\u00a0\u00bb, a-t-il pr\u00e9cis\u00e9, soulignant, \u00e0 cet \u00e9gard, qu\u2019il existe un manque de 18 millions de personnel m\u00e9dical \u00e0 l\u2019\u00e9chelle mondiale.<\/p>\n<p>\u00ab\u00a0L\u2019autre probl\u00e9matique qui a retenu notre attention est celle du r\u00e8glement sanitaire international qui touche \u00e0 la fois au commerce international et aux mouvements transfrontaliers, ce qui n\u00e9cessite le soutien des ministres des affaires \u00e9trang\u00e8res afin de pouvoir la d\u00e9passer\u00a0\u00bb, a fait savoir Ghebreyesus.<\/p>\n<p>\u00c0 ce titre, a relev\u00e9 le directeur g\u00e9n\u00e9ral l\u2019Organisation, Bourita s\u2019est montr\u00e9 ouvert \u00e0 coop\u00e9rer avec l\u2019OMS pour l\u2019impl\u00e9mentation du r\u00e8glement sanitaire international et le renforcement de la pr\u00e9paration et riposte aux situations d\u2019urgence.<\/p>\n<p>La visite officielle de Ghebreyesus au Maroc s\u2019inscrit dans le cadre de la c\u00e9l\u00e9bration officielle de la Journ\u00e9e mondiale de la Sant\u00e9 organis\u00e9e en 2019 \u00e0 Rabat sous le th\u00e8me \u00ab\u00a0Soins de sant\u00e9 primaires: la voie vers la couverture sant\u00e9 universelle\u00a0\u00bb.<\/p>\n<p>La c\u00e9l\u00e9bration de la Journ\u00e9e mondiale de la sant\u00e9 2019 \u00e0 Rabat pr\u00e9voit, notamment, un colloque scientifique articul\u00e9 autour du th\u00e8me de la \u00ab\u00a0Couverture m\u00e9dicale universelle\u00a0\u00bb.<\/p>\n<div class=\"c17\">\n<fieldset class=\"c16\">\n<legend><strong><span class=\"c11\">Challenge<\/span><span class=\"c12\">news<\/span><\/strong><\/legend>\n<div class=\"c15\">Le meilleur de la r\u00e9daction s\u00e9lectionn\u00e9 par Challenge :<\/p>\n<\/div>\n<\/fieldset>\n<\/div>\n<p>Auteur: challenge<br \/>\n<a href=\"https:\/\/www.challenge.ma\/il-fait-lactu-tedros-adhanom-ghebreyesus-directeur-general-de-loms-107430\/\">Cliquez ici pour lire l&rsquo;article depuis sa source.<\/a><\/p>\n","protected":false},"excerpt":{"rendered":"<p>L\u2019Organisation Mondiale de la Sant\u00e9 (OMS) entend renforcer son partenariat avec le Maroc, a affirm\u00e9, lundi \u00e0 Rabat, le directeur g\u00e9n\u00e9ral de l\u2019OMS, Tedros Adhanom Ghebreyesus, \u00e0 l\u2019issue de ses entretiens avec le ministre des affaires \u00e9trang\u00e8res et de la coop\u00e9ration internationale, Nasser Bourita. Dans une d\u00e9claration \u00e0 la presse \u00e0 l\u2019issue de cette rencontre, [&hellip;]<\/p>\n","protected":false},"author":1787,"featured_media":0,"comment_status":"closed","ping_status":"closed","sticky":false,"template":"","format":"standard","meta":{"fifu_image_url":"","fifu_image_alt":"","footnotes":""},"categories":[78,54],"tags":[],"class_list":["post-26673","post","type-post","status-publish","format-standard","hentry","category-economie","category-maroc"],"_links":{"self":[{"href":"https:\/\/linitiative.ca\/International\/wp-json\/wp\/v2\/posts\/26673","targetHints":{"allow":["GET"]}}],"collection":[{"href":"https:\/\/linitiative.ca\/International\/wp-json\/wp\/v2\/posts"}],"about":[{"href":"https:\/\/linitiative.ca\/International\/wp-json\/wp\/v2\/types\/post"}],"author":[{"embeddable":true,"href":"https:\/\/linitiative.ca\/International\/wp-json\/wp\/v2\/users\/1787"}],"replies":[{"embeddable":true,"href":"https:\/\/linitiative.ca\/International\/wp-json\/wp\/v2\/comments?post=26673"}],"version-history":[{"count":0,"href":"https:\/\/linitiative.ca\/International\/wp-json\/wp\/v2\/posts\/26673\/revisions"}],"wp:attachment":[{"href":"https:\/\/linitiative.ca\/International\/wp-json\/wp\/v2\/media?parent=26673"}],"wp:term":[{"taxonomy":"category","embeddable":true,"href":"https:\/\/linitiative.ca\/International\/wp-json\/wp\/v2\/categories?post=26673"},{"taxonomy":"post_tag","embeddable":true,"href":"https:\/\/linitiative.ca\/International\/wp-json\/wp\/v2\/tags?post=26673"}],"curies":[{"name":"wp","href":"https:\/\/api.w.org\/{rel}","templated":true}]}}