{"id":26675,"date":"2019-04-08T15:36:45","date_gmt":"2019-04-08T19:36:45","guid":{"rendered":"https:\/\/linitiative.ca\/International\/service-militaire-les-listes-des-appeles-arretees\/"},"modified":"2019-04-08T15:36:45","modified_gmt":"2019-04-08T19:36:45","slug":"service-militaire-les-listes-des-appeles-arretees","status":"publish","type":"post","link":"https:\/\/linitiative.ca\/International\/service-militaire-les-listes-des-appeles-arretees\/","title":{"rendered":"Service militaire : les listes des appel\u00e9s arr\u00eat\u00e9es"},"content":{"rendered":"<p>Les concern\u00e9s par le service militaire recevront prochainement une convocation.<\/p>\n<div class=\"c10\"\/>\n<p>Dans le cadre des pr\u00e9paratifs du recensement relatif au service militaire au titre de l\u2019ann\u00e9e 2019, pr\u00e9vu du mardi 9 avril 2019 au vendredi 7 juin 2019, le ministre de l\u2019Int\u00e9rieur informe les jeunes \u00e2g\u00e9s entre 19 et 25 ans que les listes des personnes appel\u00e9es \u00e0 remplir le <strong>formulaire de recensement<\/strong> ont \u00e9t\u00e9 arr\u00eat\u00e9es par la commission centrale ad-hoc au cours de la r\u00e9union tenue \u00e0 cet effet le mardi 2 avril 2019, sous la pr\u00e9sidence du vice premier pr\u00e9sident de la Cour de cassation, pr\u00e9sident de chambre \u00e0 ladite Cour.<\/p>\n<p>Le ministre de l\u2019Int\u00e9rieur pr\u00e9cise que les listes arr\u00eat\u00e9es conform\u00e9ment aux dispositions de la loi 44.18 relative au service militaire et les textes organiques de son application, et tenant compte du principe d\u2019\u00e9galit\u00e9 entre les citoyens et de garantie de l\u2019\u00e9quilibre entre les r\u00e9gions, ont \u00e9t\u00e9 soumises aux services des pr\u00e9fectures et provinces et pr\u00e9fectures d\u2019arrondissement pour imprimer les avis qui seront adress\u00e9s aux personnes concern\u00e9es en vue de les inviter \u00e0 remplir le formulaire de recensement les concernant.<\/p>\n<p>Le <strong>ministre de l\u2019Int\u00e9rieur<\/strong> exhorte les jeunes, qui recevront ces avis des autorit\u00e9s administratives locales, \u00e0 remplir le formulaire via le site \u00ab\u00a0www.tajnid.ma\u00a0\u00bb et ce d\u00e8s leur r\u00e9ception par elles-m\u00eames ou par un membre de leurs familles.<\/p>\n<p>Dans le m\u00eame contexte, le ministre de l\u2019Int\u00e9rieur informe l\u2019ensemble des jeunes ayant rempli la condition de l\u2019\u00e2ge qu\u2019ils peuvent s\u2019assurer \u00e0 travers le site \u00e9lectronique si leurs noms figurent sur les listes des <strong>appel\u00e9s<\/strong> \u00e0 accomplir ce service au titre de l\u2019ann\u00e9e en cours.<\/p>\n<p>D\u2019autre part, le ministre de l\u2019Int\u00e9rieur informe les jeunes qui n\u2019ont pas \u00e9t\u00e9 convoqu\u00e9s pour accomplir ce service au titre de cette ann\u00e9e et d\u00e9sirant le faire, ainsi que les jeunes de sexe f\u00e9minin souhaitant accomplir ce service qu\u2019ils peuvent remplir le formulaire \u00e0 travers le m\u00eame site.<\/p>\n<p>Les jeunes parmi les membres de la communaut\u00e9 marocaine \u00e9tablie \u00e0 l\u2019\u00e9tranger, inscrits sur les registres des consulats et souhaitant accomplir ce service, peuvent aussi remplir ce formulaire via le m\u00eame site \u00e9lectronique.<\/p>\n<p>Le ministre de l\u2019Int\u00e9rieur rappelle enfin que les jeunes peuvent obtenir des informations relatives au <strong>service militaire<\/strong> soit aupr\u00e8s des autorit\u00e9s administratives locales les plus proches de leurs domiciles ou aupr\u00e8s du service de renseignement cr\u00e9\u00e9 dans les pr\u00e9fectures, les provinces et les pr\u00e9fectures d\u2019arrondissement ou \u00e0 travers le site \u00e9lectronique \u00ab\u00a0www.tajnid.ma\u00a0\u00bb.<\/p>\n<div class=\"c17\">\n<fieldset class=\"c16\">\n<legend><strong><span class=\"c11\">Challenge<\/span><span class=\"c12\">news<\/span><\/strong><\/legend>\n<div class=\"c15\">Le meilleur de la r\u00e9daction s\u00e9lectionn\u00e9 par Challenge :<\/p>\n<\/div>\n<\/fieldset>\n<\/div>\n<p>Auteur: Karim Handaoui<br \/>\n<a href=\"https:\/\/www.challenge.ma\/service-militaire-les-listes-des-appeles-arretees-107438\/\">Cliquez ici pour lire l&rsquo;article depuis sa source.<\/a><\/p>\n","protected":false},"excerpt":{"rendered":"<p>Les concern\u00e9s par le service militaire recevront prochainement une convocation. Dans le cadre des pr\u00e9paratifs du recensement relatif au service militaire au titre de l\u2019ann\u00e9e 2019, pr\u00e9vu du mardi 9 avril 2019 au vendredi 7 juin 2019, le ministre de l\u2019Int\u00e9rieur informe les jeunes \u00e2g\u00e9s entre 19 et 25 ans que les listes des personnes [&hellip;]<\/p>\n","protected":false},"author":1787,"featured_media":0,"comment_status":"closed","ping_status":"closed","sticky":false,"template":"","format":"standard","meta":{"fifu_image_url":"","fifu_image_alt":"","footnotes":""},"categories":[78,54],"tags":[],"class_list":["post-26675","post","type-post","status-publish","format-standard","hentry","category-economie","category-maroc"],"_links":{"self":[{"href":"https:\/\/linitiative.ca\/International\/wp-json\/wp\/v2\/posts\/26675","targetHints":{"allow":["GET"]}}],"collection":[{"href":"https:\/\/linitiative.ca\/International\/wp-json\/wp\/v2\/posts"}],"about":[{"href":"https:\/\/linitiative.ca\/International\/wp-json\/wp\/v2\/types\/post"}],"author":[{"embeddable":true,"href":"https:\/\/linitiative.ca\/International\/wp-json\/wp\/v2\/users\/1787"}],"replies":[{"embeddable":true,"href":"https:\/\/linitiative.ca\/International\/wp-json\/wp\/v2\/comments?post=26675"}],"version-history":[{"count":0,"href":"https:\/\/linitiative.ca\/International\/wp-json\/wp\/v2\/posts\/26675\/revisions"}],"wp:attachment":[{"href":"https:\/\/linitiative.ca\/International\/wp-json\/wp\/v2\/media?parent=26675"}],"wp:term":[{"taxonomy":"category","embeddable":true,"href":"https:\/\/linitiative.ca\/International\/wp-json\/wp\/v2\/categories?post=26675"},{"taxonomy":"post_tag","embeddable":true,"href":"https:\/\/linitiative.ca\/International\/wp-json\/wp\/v2\/tags?post=26675"}],"curies":[{"name":"wp","href":"https:\/\/api.w.org\/{rel}","templated":true}]}}