{"id":26690,"date":"2019-04-08T15:34:43","date_gmt":"2019-04-08T19:34:43","guid":{"rendered":"https:\/\/linitiative.ca\/International\/tunisie-sonia-ben-cheikh-les-resultats-de-lenquete-concernant-le-deces-des-nouveaux-nes-seront-connus-cette-semaine\/"},"modified":"2019-04-08T15:34:43","modified_gmt":"2019-04-08T19:34:43","slug":"tunisie-sonia-ben-cheikh-les-resultats-de-lenquete-concernant-le-deces-des-nouveaux-nes-seront-connus-cette-semaine","status":"publish","type":"post","link":"https:\/\/linitiative.ca\/International\/tunisie-sonia-ben-cheikh-les-resultats-de-lenquete-concernant-le-deces-des-nouveaux-nes-seront-connus-cette-semaine\/","title":{"rendered":"Tunisie \u2013 Sonia Ben Cheikh\u00a0: Les r\u00e9sultats de l\u2019enqu\u00eate concernant le d\u00e9c\u00e8s des nouveaux n\u00e9s seront connus cette semaine"},"content":{"rendered":"<div class=\"post-cont-in left relative\">\n<div class=\"nc_socialPanel swp_flatFresh swp_d_fullColor swp_i_fullColor swp_o_fullColor scale-100 scale-fullWidth\" data-position=\"none\" data-float=\"floatNone\" data-count=\"5\" data-floatcolor=\"#ffffff\" data-emphasize=\"0\">\n<div class=\"nc_tweetContainer totes totesalt\" data-id=\"6\"><span class=\"swp_count\"><span class=\"swp_label\">Partages<\/span> 11<\/span><\/div>\n<\/div>\n<p>La ministre de la Sant\u00e9 par int\u00e9rim, Sonia Ben Cheikh a annonc\u00e9, ce lundi, au micro de Shems FM, que les r\u00e9sultats de l\u2019enqu\u00eate technique concernant le d\u00e9c\u00e8s des nouveaux n\u00e9s \u00e0 la maternit\u00e9\u00a0 Wassila Bourguiba, seront connus et annonc\u00e9s, cette semaine au plus tard. Et ce apr\u00e8s voir pris connaissance des r\u00e9sultats des pr\u00e9l\u00e8vements microbiologiques effectu\u00e9s sur les d\u00e9pouilles des nouveaux n\u00e9s et sur les diff\u00e9rentes zones du milieu hospitalier dans lequel ils ont \u00e9volu\u00e9. Ben Cheikh a renouvel\u00e9 son engagement \u00e0 divulguer\u00a0ces r\u00e9sultats dans la transparence absolue et\u00a0dans leur int\u00e9gralit\u00e9.<\/p>\n<div class=\"mvp-org-wrap mvp-org-logo\" itemprop=\"publisher\" itemscope=\"\" itemtype=\"https:\/\/schema.org\/Organization\"><img decoding=\"async\" src=\"https:\/\/www.tunisienumerique.com\/wp-content\/uploads\/2017\/02\/logo_tunisie_numerique.png\"\/><\/div>\n<div class=\"nc_socialPanel swp_flatFresh swp_d_fullColor swp_i_fullColor swp_o_fullColor scale-100 scale-fullWidth\" data-position=\"none\" data-float=\"floatNone\" data-count=\"5\" data-floatcolor=\"#ffffff\" data-emphasize=\"0\">\n<div class=\"nc_tweetContainer totes totesalt\" data-id=\"6\"><span class=\"swp_count\"><span class=\"swp_label\">Partages<\/span> 11<\/span><\/div>\n<\/div>\n<div class=\"mvp-related-posts left relative\">\n<h4 class=\"post-header\"><span class=\"post-header\">Lire aussi<\/span><\/h4>\n<\/div>\n<\/div>\n<p>Auteur: LM<br \/>\n<a href=\"https:\/\/www.tunisienumerique.com\/tunisie-sonia-ben-cheikh-les-resultats-de-lenquete-concernant-le-deces-des-nouveaux-nes-seront-connus-cette-semaine\/\">Cliquez ici pour lire l&rsquo;article depuis sa source.<\/a><\/p>\n","protected":false},"excerpt":{"rendered":"<p>Partages 11 La ministre de la Sant\u00e9 par int\u00e9rim, Sonia Ben Cheikh a annonc\u00e9, ce lundi, au micro de Shems FM, que les r\u00e9sultats de l\u2019enqu\u00eate technique concernant le d\u00e9c\u00e8s des nouveaux n\u00e9s \u00e0 la maternit\u00e9\u00a0 Wassila Bourguiba, seront connus et annonc\u00e9s, cette semaine au plus tard. Et ce apr\u00e8s voir pris connaissance des r\u00e9sultats [&hellip;]<\/p>\n","protected":false},"author":1789,"featured_media":26691,"comment_status":"closed","ping_status":"closed","sticky":false,"template":"","format":"standard","meta":{"fifu_image_url":"","fifu_image_alt":"","footnotes":""},"categories":[73,55],"tags":[],"class_list":["post-26690","post","type-post","status-publish","format-standard","has-post-thumbnail","hentry","category-actualite","category-tunisie"],"_links":{"self":[{"href":"https:\/\/linitiative.ca\/International\/wp-json\/wp\/v2\/posts\/26690","targetHints":{"allow":["GET"]}}],"collection":[{"href":"https:\/\/linitiative.ca\/International\/wp-json\/wp\/v2\/posts"}],"about":[{"href":"https:\/\/linitiative.ca\/International\/wp-json\/wp\/v2\/types\/post"}],"author":[{"embeddable":true,"href":"https:\/\/linitiative.ca\/International\/wp-json\/wp\/v2\/users\/1789"}],"replies":[{"embeddable":true,"href":"https:\/\/linitiative.ca\/International\/wp-json\/wp\/v2\/comments?post=26690"}],"version-history":[{"count":0,"href":"https:\/\/linitiative.ca\/International\/wp-json\/wp\/v2\/posts\/26690\/revisions"}],"wp:featuredmedia":[{"embeddable":true,"href":"https:\/\/linitiative.ca\/International\/wp-json\/"}],"wp:attachment":[{"href":"https:\/\/linitiative.ca\/International\/wp-json\/wp\/v2\/media?parent=26690"}],"wp:term":[{"taxonomy":"category","embeddable":true,"href":"https:\/\/linitiative.ca\/International\/wp-json\/wp\/v2\/categories?post=26690"},{"taxonomy":"post_tag","embeddable":true,"href":"https:\/\/linitiative.ca\/International\/wp-json\/wp\/v2\/tags?post=26690"}],"curies":[{"name":"wp","href":"https:\/\/api.w.org\/{rel}","templated":true}]}}