{"id":26694,"date":"2019-04-08T16:15:48","date_gmt":"2019-04-08T20:15:48","guid":{"rendered":"https:\/\/linitiative.ca\/International\/tunisie-hafedh-caied-essebsi-et-neji-jalloul-gagnent-les-elections-dans-la-region-de-tunis-1\/"},"modified":"2019-04-08T16:15:48","modified_gmt":"2019-04-08T20:15:48","slug":"tunisie-hafedh-caied-essebsi-et-neji-jalloul-gagnent-les-elections-dans-la-region-de-tunis-1","status":"publish","type":"post","link":"https:\/\/linitiative.ca\/International\/tunisie-hafedh-caied-essebsi-et-neji-jalloul-gagnent-les-elections-dans-la-region-de-tunis-1\/","title":{"rendered":"Tunisie \u2013 Hafedh Ca\u00efed Essebsi et Neji Jalloul gagnent les \u00e9lections dans la r\u00e9gion de Tunis 1"},"content":{"rendered":"<div class=\"post-cont-in left relative\">\n<div class=\"nc_socialPanel swp_flatFresh swp_d_fullColor swp_i_fullColor swp_o_fullColor scale-100 scale-fullWidth\" data-position=\"none\" data-float=\"floatNone\" data-count=\"5\" data-floatcolor=\"#ffffff\" data-emphasize=\"0\">\n<div class=\"nc_tweetContainer totes totesalt\" data-id=\"6\"><span class=\"swp_count\"><span class=\"swp_label\">Partages<\/span> 31<\/span><\/div>\n<\/div>\n<p>Les \u00e9lections des listes r\u00e9gionales du parti Nidaa Tounes viennent de s\u2019achever. La liste gagnante sur la zone Tunis 1, comprend Hafedh Ca\u00efed Essebsi, N\u00e9ji Jalloul, Ezzedine Ta\u00efeb, Olfa Jouini, Salah Mbarki, Mohamed Abdelkhalek, Abdelmajid Bela\u00efd, Ali Hedfi et Mohamed Mezri.<\/p>\n<p>Il est \u00e0 noter que les \u00e9lus au sein de ces listes se pr\u00e9senteront aux \u00e9lections des membres du bureau politique qui se tiendront, demain mardi, dans un h\u00f4tel\u00a0\u00e0 Gammarth.<\/p>\n<div class=\"code-block code-block-1 c3\"><ins class=\"adsbygoogle c2\" data-ad-layout=\"in-article\" data-ad-format=\"fluid\" data-ad-client=\"ca-pub-2102118777505746\" data-ad-slot=\"7301775417\"\/> <\/div>\n<p><img loading=\"lazy\" decoding=\"async\" class=\"aligncenter size-full wp-image-426952\" src=\"https:\/\/www.tunisienumerique.com\/wp-content\/uploads\/2019\/04\/liste-tunis.jpg\" alt=\"\" width=\"506\" height=\"476\"\/><\/p>\n<div class=\"mvp-org-wrap mvp-org-logo\" itemprop=\"publisher\" itemscope=\"\" itemtype=\"https:\/\/schema.org\/Organization\"><img decoding=\"async\" src=\"https:\/\/www.tunisienumerique.com\/wp-content\/uploads\/2017\/02\/logo_tunisie_numerique.png\"\/><\/div>\n<div class=\"nc_socialPanel swp_flatFresh swp_d_fullColor swp_i_fullColor swp_o_fullColor scale-100 scale-fullWidth\" data-position=\"none\" data-float=\"floatNone\" data-count=\"5\" data-floatcolor=\"#ffffff\" data-emphasize=\"0\">\n<div class=\"nc_tweetContainer totes totesalt\" data-id=\"6\"><span class=\"swp_count\"><span class=\"swp_label\">Partages<\/span> 31<\/span><\/div>\n<\/div>\n<div class=\"mvp-related-posts left relative\">\n<h4 class=\"post-header\"><span class=\"post-header\">Lire aussi<\/span><\/h4>\n<\/div>\n<\/div>\n<p>Auteur: LM<br \/>\n<a href=\"https:\/\/www.tunisienumerique.com\/tunisie-hafedh-caied-essebsi-et-neji-jalloul-gagnent-les-elections-dans-la-region-de-tunis-1\/\">Cliquez ici pour lire l&rsquo;article depuis sa source.<\/a><\/p>\n","protected":false},"excerpt":{"rendered":"<p>Partages 31 Les \u00e9lections des listes r\u00e9gionales du parti Nidaa Tounes viennent de s\u2019achever. La liste gagnante sur la zone Tunis 1, comprend Hafedh Ca\u00efed Essebsi, N\u00e9ji Jalloul, Ezzedine Ta\u00efeb, Olfa Jouini, Salah Mbarki, Mohamed Abdelkhalek, Abdelmajid Bela\u00efd, Ali Hedfi et Mohamed Mezri. Il est \u00e0 noter que les \u00e9lus au sein de ces listes [&hellip;]<\/p>\n","protected":false},"author":1789,"featured_media":26695,"comment_status":"closed","ping_status":"closed","sticky":false,"template":"","format":"standard","meta":{"fifu_image_url":"","fifu_image_alt":"","footnotes":""},"categories":[73,55],"tags":[],"class_list":["post-26694","post","type-post","status-publish","format-standard","has-post-thumbnail","hentry","category-actualite","category-tunisie"],"_links":{"self":[{"href":"https:\/\/linitiative.ca\/International\/wp-json\/wp\/v2\/posts\/26694","targetHints":{"allow":["GET"]}}],"collection":[{"href":"https:\/\/linitiative.ca\/International\/wp-json\/wp\/v2\/posts"}],"about":[{"href":"https:\/\/linitiative.ca\/International\/wp-json\/wp\/v2\/types\/post"}],"author":[{"embeddable":true,"href":"https:\/\/linitiative.ca\/International\/wp-json\/wp\/v2\/users\/1789"}],"replies":[{"embeddable":true,"href":"https:\/\/linitiative.ca\/International\/wp-json\/wp\/v2\/comments?post=26694"}],"version-history":[{"count":0,"href":"https:\/\/linitiative.ca\/International\/wp-json\/wp\/v2\/posts\/26694\/revisions"}],"wp:featuredmedia":[{"embeddable":true,"href":"https:\/\/linitiative.ca\/International\/wp-json\/"}],"wp:attachment":[{"href":"https:\/\/linitiative.ca\/International\/wp-json\/wp\/v2\/media?parent=26694"}],"wp:term":[{"taxonomy":"category","embeddable":true,"href":"https:\/\/linitiative.ca\/International\/wp-json\/wp\/v2\/categories?post=26694"},{"taxonomy":"post_tag","embeddable":true,"href":"https:\/\/linitiative.ca\/International\/wp-json\/wp\/v2\/tags?post=26694"}],"curies":[{"name":"wp","href":"https:\/\/api.w.org\/{rel}","templated":true}]}}