{"id":26698,"date":"2019-04-08T16:18:04","date_gmt":"2019-04-08T20:18:04","guid":{"rendered":"https:\/\/linitiative.ca\/International\/offensive-de-haftar-sur-tripoli-la-rancon-de-la-grande-hypocrisie-des-occidentaux\/"},"modified":"2019-04-08T16:18:04","modified_gmt":"2019-04-08T20:18:04","slug":"offensive-de-haftar-sur-tripoli-la-rancon-de-la-grande-hypocrisie-des-occidentaux","status":"publish","type":"post","link":"https:\/\/linitiative.ca\/International\/offensive-de-haftar-sur-tripoli-la-rancon-de-la-grande-hypocrisie-des-occidentaux\/","title":{"rendered":"OFFENSIVE DE HAFTAR SUR TRIPOLI :  La ran\u00e7on de la grande hypocrisie des Occidentaux"},"content":{"rendered":"<p><img decoding=\"async\" class=\"post_layout_5_img\" src=\"http:\/\/lepays.bf\/wp-content\/uploads\/2019\/04\/libye-1-1.jpg\" alt=\"OFFENSIVE DE HAFTAR SUR TRIPOLI : La ran\u00e7on de la grande hypocrisie des Occidentaux\"\/><\/p>\n<p class=\"c4\"><em>La ran\u00e7on de la grande hypocrisie des Occidentaux\u00a0! C\u2019est le moins que l\u2019on puisse dire au regard de ce qui se passe actuellement en Libye, pays de Mouammar Khadafi. En effet, les forces du mar\u00e9chal Khalifa Haftar ont d\u00e9cid\u00e9 de marcher sur Tripoli o\u00f9 si\u00e8ge le gouvernement dirig\u00e9 par Fayez-el- Sarraj et soutenu par la communaut\u00e9 internationale. Il n\u2019en fallait pas plus pour que les grandes puissances commencent \u00e0 donner de la voix\u00a0; certaines allant jusqu\u2019\u00e0 pr\u00e9senter Haftar comme un trouble-f\u00eate qui tente de remettre en cause le processus mis en \u0153uvre par les Nations unies pour sortir la Libye du chaos dans lequel elle est plong\u00e9e depuis 2011. En tout cas, l\u2019offensive de Haftar intervient \u00e0 quelques jours seulement d\u2019une conf\u00e9rence nationale sur la Libye, initi\u00e9e par l\u2019ONU. Mais au regard du contexte marqu\u00e9 par un regain de la violence, les \u00e9lections municipales qui devraient se tenir le 7 avril dernier dans certaines villes du pays, ont \u00e9t\u00e9 diff\u00e9r\u00e9es. Pouvait-il en \u00eatre autrement\u00a0? Assur\u00e9ment, non\u00a0! Car tout se passe comme si, dans la crise libyenne, les Occidentaux \u00e9taient en train de mettre la charrue avant les b\u0153ufs. Ils font une tr\u00e8s mauvaise lecture de la situation. En effet, tout comme ils avaient commis l\u2019erreur en n\u2019assurant pas le service apr\u00e8s-vente apr\u00e8s la chute de Khadafi, les Occidentaux sont en train de complexifier la situation en Libye en tenant co\u00fbte que co\u00fbte \u00e0 organiser des \u00e9lections alors m\u00eame que le pays est loin d\u2019\u00eatre pacifi\u00e9. En t\u00e9moigne la prolif\u00e9ration de groupes islamistes arm\u00e9s qui pillent tout sur leur passage s\u2019ils n\u2019ont pas mis sous coupe r\u00e9gl\u00e9e une grande partie du pays. La nature ayant horreur du vide, le mar\u00e9chal Haftar, sans doute exc\u00e9d\u00e9 par le sur-place manifeste, a d\u00e9cid\u00e9 de prendre ses responsabilit\u00e9s pour mettre fin \u00e0 cette situation de ni paix ni guerre qui n\u2019en finit pas et qui, d\u2019ann\u00e9e en ann\u00e9e, se complique davantage, affectant la plupart des pays voisins voire au-del\u00e0.<\/em><\/p>\n<p><strong>On fait face \u00e0 un v\u00e9ritable imbroglio<\/strong><\/p>\n<p><em>C\u2019est le cas par exemple du Tchad, o\u00f9 profitant du chaos libyen, des ex-rebelles ont eu le temps de se r\u00e9organiser pour annoncer un assaut sur N\u2019Djamena avant d\u2019\u00eatre stopp\u00e9s gr\u00e2ce \u00e0 l\u2019intervention des forces arm\u00e9es fran\u00e7aises. On oublie volontiers les cas du Mali et du Niger qui subissent actuellement les contrecoups de la crise libyenne.\u00a0\u00a0<\/em> <em>Cela dit, la solution au probl\u00e8me libyen passe-t-elle par les armes comme le pense Haftar ? Difficile d\u2019y r\u00e9pondre, tant la situation est tr\u00e8s confuse en Libye et les int\u00e9r\u00eats tr\u00e8s divergents. Car, on le sait, pendant que Moscou et le Caire soutiennent le mar\u00e9chal et appellent \u00e0 l\u2019\u00e9limination totale des islamistes, la Turquie et le Qatar sont accus\u00e9s \u00e0 tort ou \u00e0 raison de soutenir ces derniers. Et ce n\u2019est pas tout. La France et les Etats-Unis, eux, font bloc derri\u00e8re Fayez-el-Sarraj qui, en r\u00e9alit\u00e9, ne contr\u00f4le rien sur le terrain. C\u2019est dire si l\u2019on fait, ici, face \u00e0 un v\u00e9ritable imbroglio. En tout cas, une chose est certaine. La guerre, m\u00eame apr\u00e8s ses victoires les plus \u00e9clatantes, finit autour d\u2019une table de n\u00e9gociations ; cela pour dire que toute solution militaire, si elle veut \u00eatre durable, s\u2019accompagne n\u00e9cessairement d\u2019une solution politique. Le chef de la diplomatie fran\u00e7aise, Jean-Yves le Dian, ne dit pas autre chose quand il affirme ceci : \u00ab en Libye, il n\u2019y aura pas de victoire militaire, la victoire ne peut \u00eatre que politique \u00bb. Mais peut-\u00eatre le mar\u00e9chal, \u00e0 travers cette offensive, veut-il se donner tous les moyens d\u2019\u00eatre en position de force au cas o\u00f9 des n\u00e9gociations viendraient \u00e0 s\u2019ouvrir dans les prochains jours.<\/em><\/p>\n<p><strong>Boundi OUOBA<\/strong><\/p>\n<p>Auteur: Le Pays<br \/>\n<a href=\"http:\/\/lepays.bf\/offensive-de-haftar-sur-tripoli-la-rancon-de-la-grande-hypocrisie-des-occidentaux-2\/\">Cliquez ici pour lire l&rsquo;article depuis sa source.<\/a><\/p>\n","protected":false},"excerpt":{"rendered":"<p>La ran\u00e7on de la grande hypocrisie des Occidentaux\u00a0! C\u2019est le moins que l\u2019on puisse dire au regard de ce qui se passe actuellement en Libye, pays de Mouammar Khadafi. En effet, les forces du mar\u00e9chal Khalifa Haftar ont d\u00e9cid\u00e9 de marcher sur Tripoli o\u00f9 si\u00e8ge le gouvernement dirig\u00e9 par Fayez-el- Sarraj et soutenu par la [&hellip;]<\/p>\n","protected":false},"author":1813,"featured_media":26699,"comment_status":"closed","ping_status":"closed","sticky":false,"template":"","format":"standard","meta":{"fifu_image_url":"","fifu_image_alt":"","footnotes":""},"categories":[73,81],"tags":[],"class_list":["post-26698","post","type-post","status-publish","format-standard","has-post-thumbnail","hentry","category-actualite","category-burkina-faso"],"_links":{"self":[{"href":"https:\/\/linitiative.ca\/International\/wp-json\/wp\/v2\/posts\/26698","targetHints":{"allow":["GET"]}}],"collection":[{"href":"https:\/\/linitiative.ca\/International\/wp-json\/wp\/v2\/posts"}],"about":[{"href":"https:\/\/linitiative.ca\/International\/wp-json\/wp\/v2\/types\/post"}],"author":[{"embeddable":true,"href":"https:\/\/linitiative.ca\/International\/wp-json\/wp\/v2\/users\/1813"}],"replies":[{"embeddable":true,"href":"https:\/\/linitiative.ca\/International\/wp-json\/wp\/v2\/comments?post=26698"}],"version-history":[{"count":0,"href":"https:\/\/linitiative.ca\/International\/wp-json\/wp\/v2\/posts\/26698\/revisions"}],"wp:featuredmedia":[{"embeddable":true,"href":"https:\/\/linitiative.ca\/International\/wp-json\/"}],"wp:attachment":[{"href":"https:\/\/linitiative.ca\/International\/wp-json\/wp\/v2\/media?parent=26698"}],"wp:term":[{"taxonomy":"category","embeddable":true,"href":"https:\/\/linitiative.ca\/International\/wp-json\/wp\/v2\/categories?post=26698"},{"taxonomy":"post_tag","embeddable":true,"href":"https:\/\/linitiative.ca\/International\/wp-json\/wp\/v2\/tags?post=26698"}],"curies":[{"name":"wp","href":"https:\/\/api.w.org\/{rel}","templated":true}]}}