{"id":26700,"date":"2019-04-08T16:22:08","date_gmt":"2019-04-08T20:22:08","guid":{"rendered":"https:\/\/linitiative.ca\/International\/transition-algerienne-comment-trouver-la-perle-rare\/"},"modified":"2019-04-08T16:22:08","modified_gmt":"2019-04-08T20:22:08","slug":"transition-algerienne-comment-trouver-la-perle-rare","status":"publish","type":"post","link":"https:\/\/linitiative.ca\/International\/transition-algerienne-comment-trouver-la-perle-rare\/","title":{"rendered":"TRANSITION ALGERIENNE. :  Comment trouver la perle rare ?"},"content":{"rendered":"<p><img decoding=\"async\" class=\"post_layout_5_img\" src=\"http:\/\/lepays.bf\/wp-content\/uploads\/2019\/04\/ALGERIE-.jpg\" alt=\"TRANSITION ALGERIENNE. : Comment trouver la perle rare ?\"\/><\/p>\n<p class=\"c4\"><em>C\u2019est le mardi de toutes les conjectures li\u00e9es \u00e0 la de sortie de crise politique en Alg\u00e9rie. En effet, c\u2019est en principe, aujourd\u2019hui, 9 avril, que les deux Chambres du parlement se r\u00e9unissent pour la mise en application de l\u2019article 102 de la Constitution, qui rendra officielle la vacance du pouvoir et d\u00e9bouchera sur la d\u00e9signation du pr\u00e9sident par int\u00e9rim. Si cette \u00e9quation para\u00eet assez simple dans la th\u00e9orie, elle est, en r\u00e9alit\u00e9, pour le moins cors\u00e9e d\u2019autant qu\u2019elle pr\u00e9sente une grande inconnue\u00a0: la r\u00e9action de la rue. Cette session sp\u00e9ciale du parlement se tient dans un contexte o\u00f9 chaque proposition de sortie de crise par les autorit\u00e9s en place, appara\u00eet comme une provocation pour la rue ou du moins pour le peuple qui, loin de se consid\u00e9rer comme anarchiste, rappelle \u00e0 l\u2019envi les articles 7 et 8 de la Constitution qui attribuent\u00a0le pouvoir constituant au peuple. Alors que selon les termes du fameux article 102, c\u2019est au pr\u00e9sident du Conseil de la Nation, la Chambre haute du parlement alg\u00e9rien, Abdelkader Bensalah, que doit \u00e9choir l\u2019int\u00e9rim de 90 jours, durant lequel il organisera la future \u00e9lection pr\u00e9sidentielle, la rue, elle, s\u2019est d\u00e9j\u00e0 montr\u00e9e hostile, lors du 7e vendredi de manifestations, au choix de ce dernier tout en insistant sur le d\u00e9part de tout le syst\u00e8me.<\/em><\/p>\n<p class=\"c4\"><strong>On se demande si l\u2019article 102 pourra se frayer un chemin dans cet imbroglio politique<\/strong><\/p>\n<p class=\"c4\"><em>La t\u00e2che s\u2019annonce d\u2019autant plus complexe pour les parlementaires que certains d\u2019entre eux n\u2019ont pas cach\u00e9 leur intention de s\u2019opposer \u00e0 la d\u00e9signation de Bensalah et dans la foul\u00e9e, ont exig\u00e9 sa d\u00e9mission avant la pl\u00e9ni\u00e8re de ce mardi. Si cette d\u00e9mission est act\u00e9e, il va sans dire que cette nouvelle donne va davantage affaiblir le r\u00e9gime agonisant maintenu toujours en vie par l\u2019arm\u00e9e. Il s\u2019agirait dans ce cas de figure de trouver un autre s\u00e9nateur \u00e0 m\u00eame de faire consensus aux yeux des populations, pour la gestion de cette transition alg\u00e9rienne. Alors, seront-ils en mesure de trouver ce mouton \u00e0 cinq pattes? Difficile d\u2019y r\u00e9pondre. D\u2019ailleurs, quand on sait que pour apaiser la rue, le patron de l\u2019arm\u00e9e alg\u00e9rienne, Ahmed Ga\u00efd Salah, a d\u00fb peser de tout son grade pour obliger Abdelaziz Bouteflika \u00e0 d\u00e9missionner, le 2 avril 2019, on se demande bien si cet article 102 pourra se frayer un chemin dans cet imbroglio politique. Si on \u00e9choue \u00e0 mettre en \u0153uvre la feuille de route inspir\u00e9e de la Constitution, l\u2019autre grande interrogation est de savoir quelle sera l\u2019attitude de l\u2019arm\u00e9e. Elle qui, jusque-l\u00e0, donne l\u2019impression d\u2019avoir une main de fer dans un gant de velours, pourrait avoir un conflit ouvert avec le peuple en voulant elle-m\u00eame g\u00e9rer cette transition. Une autre hypoth\u00e8se qui en dit long sur la complexit\u00e9 de cette crise n\u00e9e de la volont\u00e9 de Boutef de briguer un 5e mandat.<\/em><\/p>\n<p><strong>Drissa TRAORE<\/strong><\/p>\n<p>Auteur: Le Pays<br \/>\n<a href=\"http:\/\/lepays.bf\/transition-algerienne-comment-trouver-la-perle-rare\/\">Cliquez ici pour lire l&rsquo;article depuis sa source.<\/a><\/p>\n","protected":false},"excerpt":{"rendered":"<p>C\u2019est le mardi de toutes les conjectures li\u00e9es \u00e0 la de sortie de crise politique en Alg\u00e9rie. En effet, c\u2019est en principe, aujourd\u2019hui, 9 avril, que les deux Chambres du parlement se r\u00e9unissent pour la mise en application de l\u2019article 102 de la Constitution, qui rendra officielle la vacance du pouvoir et d\u00e9bouchera sur la [&hellip;]<\/p>\n","protected":false},"author":1813,"featured_media":26701,"comment_status":"closed","ping_status":"closed","sticky":false,"template":"","format":"standard","meta":{"fifu_image_url":"","fifu_image_alt":"","footnotes":""},"categories":[73,81],"tags":[],"class_list":["post-26700","post","type-post","status-publish","format-standard","has-post-thumbnail","hentry","category-actualite","category-burkina-faso"],"_links":{"self":[{"href":"https:\/\/linitiative.ca\/International\/wp-json\/wp\/v2\/posts\/26700","targetHints":{"allow":["GET"]}}],"collection":[{"href":"https:\/\/linitiative.ca\/International\/wp-json\/wp\/v2\/posts"}],"about":[{"href":"https:\/\/linitiative.ca\/International\/wp-json\/wp\/v2\/types\/post"}],"author":[{"embeddable":true,"href":"https:\/\/linitiative.ca\/International\/wp-json\/wp\/v2\/users\/1813"}],"replies":[{"embeddable":true,"href":"https:\/\/linitiative.ca\/International\/wp-json\/wp\/v2\/comments?post=26700"}],"version-history":[{"count":0,"href":"https:\/\/linitiative.ca\/International\/wp-json\/wp\/v2\/posts\/26700\/revisions"}],"wp:featuredmedia":[{"embeddable":true,"href":"https:\/\/linitiative.ca\/International\/wp-json\/"}],"wp:attachment":[{"href":"https:\/\/linitiative.ca\/International\/wp-json\/wp\/v2\/media?parent=26700"}],"wp:term":[{"taxonomy":"category","embeddable":true,"href":"https:\/\/linitiative.ca\/International\/wp-json\/wp\/v2\/categories?post=26700"},{"taxonomy":"post_tag","embeddable":true,"href":"https:\/\/linitiative.ca\/International\/wp-json\/wp\/v2\/tags?post=26700"}],"curies":[{"name":"wp","href":"https:\/\/api.w.org\/{rel}","templated":true}]}}