{"id":26702,"date":"2019-04-08T15:36:34","date_gmt":"2019-04-08T19:36:34","guid":{"rendered":"https:\/\/linitiative.ca\/International\/renforcement-de-loffre-energetique-155-megawatts-attendus-dans-le-reseau-de-la-sonabel\/"},"modified":"2019-04-08T15:36:34","modified_gmt":"2019-04-08T19:36:34","slug":"renforcement-de-loffre-energetique-155-megawatts-attendus-dans-le-reseau-de-la-sonabel","status":"publish","type":"post","link":"https:\/\/linitiative.ca\/International\/renforcement-de-loffre-energetique-155-megawatts-attendus-dans-le-reseau-de-la-sonabel\/","title":{"rendered":"Renforcement de l\u2019offre \u00e9nerg\u00e9tique : 155 m\u00e9gawatts attendus dans le r\u00e9seau  de la SONABEL"},"content":{"rendered":"<div class=\"td-post-featured-image\"><a href=\"https:\/\/i1.wp.com\/www.sidwaya.info\/wp-content\/uploads\/2019\/04\/1-16.jpg?fit=728%2C485&#038;ssl=1\" data-caption=\"\"><img loading=\"lazy\" decoding=\"async\" width=\"696\" height=\"464\" class=\"entry-thumb td-modal-image\" src=\"https:\/\/i1.wp.com\/www.sidwaya.info\/wp-content\/uploads\/2019\/04\/1-16.jpg?resize=696%2C464&#038;ssl=1\" srcset=\"https:\/\/i1.wp.com\/www.sidwaya.info\/wp-content\/uploads\/2019\/04\/1-16.jpg?w=728&#038;ssl=1 728w, https:\/\/i1.wp.com\/www.sidwaya.info\/wp-content\/uploads\/2019\/04\/1-16.jpg?resize=300%2C200&#038;ssl=1 300w, https:\/\/i1.wp.com\/www.sidwaya.info\/wp-content\/uploads\/2019\/04\/1-16.jpg?resize=696%2C464&#038;ssl=1 696w, https:\/\/i1.wp.com\/www.sidwaya.info\/wp-content\/uploads\/2019\/04\/1-16.jpg?resize=630%2C420&#038;ssl=1 630w\" sizes=\"auto, (max-width: 696px) 100vw, 696px\" alt=\"\" title=\"1\"\/><\/a><\/div>\n<div class=\"td-a-rec td-a-rec-id-content_top td_uid_30_5cabc0bf4246e_rand td_block_template_1\"><img loading=\"lazy\" decoding=\"async\" class=\"aligncenter size-full wp-image-4463\" src=\"https:\/\/www.sidwaya.info\/wp-content\/uploads\/2019\/02\/FESPACO-TOUR-2019-Bannie%CC%80re-728x90-1.jpg\" alt=\"\" width=\"728\" height=\"90\"\/><\/div>\n<p><strong>Le gouvernement burkinab\u00e8, \u00e0 travers le ministre de l\u2019Energie, Bachir Isma\u00ebl Ou\u00e9draogo et des Producteurs ind\u00e9pendants d\u2019\u00e9lectricit\u00e9 (PIE) ont sign\u00e9 une convention pour la fourniture d\u2019une production d\u2019\u00e9nergie solaire de 155 m\u00e9gawatts, le vendredi 5 avril 2019 \u00e0 Ouagadougou.<\/strong><\/p>\n<p>\u00abC\u2019est un jour historique\u00bb, a dit le ministre de l\u2019Energie, Bachir Isma\u00ebl Ou\u00e9draogo, \u00e0 l\u2019issue de la signature de convention entre le gouvernement burkinab\u00e8 et des Producteurs ind\u00e9pendants d\u2019\u00e9lectricit\u00e9 (PIE), intervenue, le vendredi 5 avril 2019, \u00e0 Ouagadougou. Ce m\u00e9morandum a \u00e9t\u00e9 sign\u00e9 avec les entreprises Greenwich, Green Yellow, Naage, Quadran-Syscom-Soltech et Urban solar pour la construction de six centrales solaires photovolta\u00efques, en marge de la IIIe \u00e9dition de la Semaine des \u00e9nergies et des \u00e9nergies renouvelables d\u2019Afrique (SEERA).<\/p>\n<p>Ces centrales solaires photovolta\u00efques doivent fournir une production d\u2019\u00e9nergie solaire de 155 m\u00e9gawatts \u00e0 la Soci\u00e9t\u00e9 nationale burkinab\u00e8 d\u2019\u00e9lectricit\u00e9 (SONABEL). Dans la convention, il est stipul\u00e9, entre autres, que les entreprises signataires du m\u00e9morandum sont tenues de finaliser les travaux de construction des centrales solaires dans des d\u00e9lais \u00abassez brefs\u00bb, pour l\u2019injection de l\u2019\u00e9nergie attendue. Selon le directeur des affaires juridiques et du contentieux du minist\u00e8re de l\u2019Energie, Herman Nacambo, dans ces conventions, des instruments juridiques ont \u00e9t\u00e9 \u00e9labor\u00e9s pour permettre aux deux parties de trouver leur compte dans le contrat et de faire en sorte que ces centrales exploitent sur une dur\u00e9e de 25 ans avant d\u2019\u00eatre r\u00e9troc\u00e9d\u00e9es \u00e0 la nationale d\u2019\u00e9lectricit\u00e9.<\/p>\n<p><strong>Leader en mati\u00e8re d\u2019\u00e9nergie solaire<\/strong><\/p>\n<p>Pour Bachir Isma\u00ebl Ou\u00e9draogo, l\u2019Etat, lui seul, ne peut fournir suffisamment d\u2019\u00e9nergie \u00e0 la population. Raison pour laquelle, un appel a \u00e9t\u00e9 lanc\u00e9 aux soci\u00e9t\u00e9s priv\u00e9es.<br \/>Qu\u2019\u00e0 cela ne tienne, le ministre de l\u2019Energie a laiss\u00e9 entendre qu\u2019\u00e0 travers cette convention, le Burkina Faso s\u2019est engag\u00e9 r\u00e9solument sur le chemin de la transition \u00e9nerg\u00e9tique en se posant par la m\u00eame occasion en leader en mati\u00e8re d\u2019\u00e9nergie solaire dans la sous-r\u00e9gion avec des pr\u00e9visions de prix en-dessous de 50 francs CFA le kilowattheure.<\/p>\n<p>\u00abNous esp\u00e9rons que c\u2019est le d\u00e9but d\u2019une longue chevauch\u00e9e fantastique dans le domaine de l\u2019\u00e9nergie solaire pour donner de l\u2019\u00e9nergie \u00e0 moindre co\u00fbt \u00e0 tout le monde\u00bb, a-t-il souhait\u00e9. A travers ce partenariat, de l\u2019avis du ministre de l\u2019Energie, c\u2019est la loi 014-2017\/AN du 20 avril 2017 portant r\u00e9glementation g\u00e9n\u00e9rale du secteur de l\u2019\u00e9nergie qui entre en vigueur. En effet, l\u2019article 25 de ladite loi indique que \u00ables installations de production d\u2019\u00e9nergie \u00e9lectrique sont r\u00e9alis\u00e9es et exploit\u00e9es par toute personne physique ou morale de droit priv\u00e9 ou public. Elles sont soumises \u00e0 l\u2019obtention pr\u00e9alable d\u2019une d\u00e9claration, autorisation ou d\u2019une licence de production obtenue aupr\u00e8s de l\u2019Autorit\u00e9 de r\u00e9gulation du secteur de l\u2019\u00e9nergie\u00bb.<\/p>\n<p>Car, selon les projections, le gouvernement burkinab\u00e8 compte d\u2019ici \u00e0 2020, atteindre un taux de 45% d\u2019acc\u00e8s national \u00e0 l\u2019\u00e9nergie, un taux de 19% pour l\u2019\u00e9lectrification rurale et une part de 50% des \u00e9nergies renouvelables dans le parc \u00e9nerg\u00e9tique national. Par ailleurs, au cours de la c\u00e9r\u00e9monie, le Centre pour les \u00e9nergies renouvelables et l\u2019efficacit\u00e9 \u00e9nerg\u00e9tique (CEREC) de la Communaut\u00e9 \u00e9conomique des Etats de l\u2019Afrique de l\u2019Ouest (CEDEAO) a paraph\u00e9 un m\u00e9morandum d\u2019entente avec des structures promotrices d\u2019\u00e9nergie, pour une transition \u00e9nerg\u00e9tique r\u00e9ussie dans les pays membres de cette organisation. Pour le repr\u00e9sentant-pays du programme de l\u2019institut mondial pour la croissance verte (Global green growth institute) au Burkina, Lamine Ou\u00e9draogo, ce m\u00e9morandum vise \u00e0 accompagner ces pays pour la mobilisation des financements devant servir \u00e0 amorcer une transition \u00e9nerg\u00e9tique, une n\u00e9cessit\u00e9 pour le d\u00e9veloppement de la sous-r\u00e9gion.<\/p>\n<p class=\"c1\"><strong>Pat\u00e9n\u00e9ma Oumar OUEDRAOGO<\/strong><\/p>\n<div class=\"td-a-rec td-a-rec-id-content_bottom td_uid_31_5cabc0bf426ad_rand td_block_template_1\"><img loading=\"lazy\" decoding=\"async\" class=\"alignright size-full wp-image-1724\" src=\"https:\/\/www.sidwaya.info\/wp-content\/uploads\/2018\/12\/sidwaya-pub.jpg\" alt=\"\" width=\"720\" height=\"90\"\/><\/div>\n<p>Auteur: DD. Sidwaya<br \/>\n<a href=\"https:\/\/www.sidwaya.info\/blog\/2019\/04\/08\/renforcement-de-loffre-energetique-155-megawatts-attendus-dans-le-reseau-de-la-sonabel\/\">Cliquez ici pour lire l&rsquo;article depuis sa source.<\/a><\/p>\n","protected":false},"excerpt":{"rendered":"<p>Le gouvernement burkinab\u00e8, \u00e0 travers le ministre de l\u2019Energie, Bachir Isma\u00ebl Ou\u00e9draogo et des Producteurs ind\u00e9pendants d\u2019\u00e9lectricit\u00e9 (PIE) ont sign\u00e9 une convention pour la fourniture d\u2019une production d\u2019\u00e9nergie solaire de 155 m\u00e9gawatts, le vendredi 5 avril 2019 \u00e0 Ouagadougou. \u00abC\u2019est un jour historique\u00bb, a dit le ministre de l\u2019Energie, Bachir Isma\u00ebl Ou\u00e9draogo, \u00e0 l\u2019issue de [&hellip;]<\/p>\n","protected":false},"author":1816,"featured_media":0,"comment_status":"closed","ping_status":"closed","sticky":false,"template":"","format":"standard","meta":{"fifu_image_url":"","fifu_image_alt":"","footnotes":""},"categories":[73,81],"tags":[],"class_list":["post-26702","post","type-post","status-publish","format-standard","hentry","category-actualite","category-burkina-faso"],"_links":{"self":[{"href":"https:\/\/linitiative.ca\/International\/wp-json\/wp\/v2\/posts\/26702","targetHints":{"allow":["GET"]}}],"collection":[{"href":"https:\/\/linitiative.ca\/International\/wp-json\/wp\/v2\/posts"}],"about":[{"href":"https:\/\/linitiative.ca\/International\/wp-json\/wp\/v2\/types\/post"}],"author":[{"embeddable":true,"href":"https:\/\/linitiative.ca\/International\/wp-json\/wp\/v2\/users\/1816"}],"replies":[{"embeddable":true,"href":"https:\/\/linitiative.ca\/International\/wp-json\/wp\/v2\/comments?post=26702"}],"version-history":[{"count":0,"href":"https:\/\/linitiative.ca\/International\/wp-json\/wp\/v2\/posts\/26702\/revisions"}],"wp:attachment":[{"href":"https:\/\/linitiative.ca\/International\/wp-json\/wp\/v2\/media?parent=26702"}],"wp:term":[{"taxonomy":"category","embeddable":true,"href":"https:\/\/linitiative.ca\/International\/wp-json\/wp\/v2\/categories?post=26702"},{"taxonomy":"post_tag","embeddable":true,"href":"https:\/\/linitiative.ca\/International\/wp-json\/wp\/v2\/tags?post=26702"}],"curies":[{"name":"wp","href":"https:\/\/api.w.org\/{rel}","templated":true}]}}