{"id":26709,"date":"2019-04-08T16:12:25","date_gmt":"2019-04-08T20:12:25","guid":{"rendered":"https:\/\/linitiative.ca\/International\/seera-2019-le-president-du-faso-felicite-pour-son-implication\/"},"modified":"2019-04-08T16:12:25","modified_gmt":"2019-04-08T20:12:25","slug":"seera-2019-le-president-du-faso-felicite-pour-son-implication","status":"publish","type":"post","link":"https:\/\/linitiative.ca\/International\/seera-2019-le-president-du-faso-felicite-pour-son-implication\/","title":{"rendered":"SEERA 2019 : le pr\u00e9sident du Faso, f\u00e9licit\u00e9 pour son implication"},"content":{"rendered":"<div class=\"td-post-featured-image\"><a href=\"https:\/\/i2.wp.com\/www.sidwaya.info\/wp-content\/uploads\/2019\/04\/1-21.jpg?fit=738%2C493&#038;ssl=1\" data-caption=\"\"><img loading=\"lazy\" decoding=\"async\" width=\"696\" height=\"465\" class=\"entry-thumb td-modal-image\" src=\"https:\/\/i2.wp.com\/www.sidwaya.info\/wp-content\/uploads\/2019\/04\/1-21.jpg?resize=696%2C465&#038;ssl=1\" srcset=\"https:\/\/i2.wp.com\/www.sidwaya.info\/wp-content\/uploads\/2019\/04\/1-21.jpg?w=738&#038;ssl=1 738w, https:\/\/i2.wp.com\/www.sidwaya.info\/wp-content\/uploads\/2019\/04\/1-21.jpg?resize=300%2C200&#038;ssl=1 300w, https:\/\/i2.wp.com\/www.sidwaya.info\/wp-content\/uploads\/2019\/04\/1-21.jpg?resize=696%2C465&#038;ssl=1 696w, https:\/\/i2.wp.com\/www.sidwaya.info\/wp-content\/uploads\/2019\/04\/1-21.jpg?resize=629%2C420&#038;ssl=1 629w\" sizes=\"auto, (max-width: 696px) 100vw, 696px\" alt=\"\" title=\"1\"\/><\/a><\/div>\n<div class=\"td-a-rec td-a-rec-id-content_top td_uid_30_5cabc0d62864e_rand td_block_template_1\"><img loading=\"lazy\" decoding=\"async\" class=\"aligncenter size-full wp-image-4463\" src=\"https:\/\/www.sidwaya.info\/wp-content\/uploads\/2019\/02\/FESPACO-TOUR-2019-Bannie%CC%80re-728x90-1.jpg\" alt=\"\" width=\"728\" height=\"90\"\/><\/div>\n<p><strong>En marge de la IIIe \u00e9dition de la Semaine des \u00e9nergies et des \u00e9nergies renouvelables d\u2019Afrique (SEERA), le pr\u00e9sident du Faso, Roch Marc Christian Kabor\u00e9, a re\u00e7u en audience, le vendredi 5 avril 2019 \u00e0 Kosyam, une d\u00e9l\u00e9gation des participants \u00e0 cette rencontre.<\/strong><\/p>\n<p>Le ministre de l\u2019Energie, Isma\u00ebl Bachir Ou\u00e9draogo, a fait le point du d\u00e9roulement des activit\u00e9s de la IIIe \u00e9dition de la Semaine des \u00e9nergies et des \u00e9nergies renouvelables d\u2019Afrique (SEERA) au pr\u00e9sident du Faso, Roch Marc Christian Kabor\u00e9, le vendredi 5 avril 2019, au cours d\u2019une audience, \u00e0 Kosyam.<\/p>\n<p>Pour le ministre Ou\u00e9draogo, le chef de l\u2019Etat burkinab\u00e8 est le leader en mati\u00e8re d\u2019\u00e9nergies renouvelables dans la sous-r\u00e9gion. Le ministre de l\u2019Energie a remerci\u00e9 le pr\u00e9sident Kabor\u00e9, pour son implication dans l\u2019\u00e9dition 2019. En plus des partenaires du Niger, d\u2019Egypte, du Maroc et des repr\u00e9sentants d\u2019institutions internationales, le ministre de l\u2019Energie avait \u00e0 ses c\u00f4t\u00e9s, le parrain de la SEERA, Lassina Zerbo qui s\u2019est dit \u00e9merveill\u00e9 de voir que l\u2019\u00e9nergie solaire soit vulgaris\u00e9e dans les villes et campagnes. Le parrain de la SEERA a indiqu\u00e9 qu\u2019avec la signature de convention de 155 m\u00e9gawatts intervenue un peu plus t\u00f4t dans la matin\u00e9e, cela va permettre non seulement d\u2019am\u00e9liorer la capacit\u00e9 \u00e9nerg\u00e9tique du Burkina Faso, mais surtout de r\u00e9duire le co\u00fbt du kilowattheure.<\/p>\n<p><strong>\u00abNous sommes dans le solaire\u00bb<\/strong><\/p>\n<p>Lassina Zerbo a insist\u00e9 sur l\u2019utilisation de la mixte \u00e9nerg\u00e9tique. \u00abLa transition \u00e9nerg\u00e9tique a commenc\u00e9 depuis le 19e si\u00e8cle avec le charbon, puis le p\u00e9trole et le nucl\u00e9aire dans les ann\u00e9es 1970. Aujourd\u2019hui, nous sommes dans le solaire pour l\u2019\u00e9nergie renouvelable.\u00a0 Quand on a du vent, on fait l\u2019\u00e9olien. Quand on a de l\u2019uranium, on pense aussi \u00e0 faire du nucl\u00e9aire comme le Niger\u00bb, a-t-il expliqu\u00e9. Un peu plus t\u00f4t, le pr\u00e9sident du Faso re\u00e7u en audience, une d\u00e9l\u00e9gation de la Soci\u00e9t\u00e9 ouest-africaine de chimie (SOACHIM). Le pr\u00e9sident de la structure, Dominique C. K. Sohounhlou\u00e9, \u00e0 sa sortie d\u2019audience, a confi\u00e9 \u00e0 la presse qu\u2019il est venu \u00e9changer avec le pr\u00e9sident du Faso sur la vie de la SOACHIM.<\/p>\n<p>A en croire M. Sohounhlou\u00e9, le chef de l\u2019Etat a promis d\u2019accompagner la soci\u00e9t\u00e9 savante en entrant en contact avec les diff\u00e9rents chefs d\u2019Etat de l\u2019Union mon\u00e9taire ouest-africaine (UEMOA) et la Guin\u00e9e Conakry, de sorte \u00e0 permettre aux pays membres d\u2019avoir des relations d\u2019osmose avec les pr\u00e9sidents de ces pays. Il a rappel\u00e9 que la SOACHIM regroupe les enseignants, les chercheurs, les chimistes, les biochimistes et les biotechnologues des pays de l\u2019Afrique de l\u2019Ouest notamment le Burkina Faso, le B\u00e9nin, la C\u00f4te d\u2019Ivoire, la Guin\u00e9e Conakry, le Mali, le S\u00e9n\u00e9gal et le Togo. \u00abCette soci\u00e9t\u00e9 savante se r\u00e9unit tous les ans en congr\u00e8s pour discuter des r\u00e9sultats de recherche des diff\u00e9rents laboratoires constitutifs et associ\u00e9s \u00e0 l\u2019organisation.<\/p>\n<p>Nous avons une revue qu\u2019on appelle le journal de la SOACHIM \u00e0 travers lequel les diff\u00e9rents chercheurs, surtout les doctorants de nos diff\u00e9rentes universit\u00e9s, publient leurs diff\u00e9rents r\u00e9sultats de recherche\u00bb, a \u00e9tay\u00e9 le pr\u00e9sident de la structure. Il a ajout\u00e9 que le journal est un bimensuel qui a permis de publier plus de 435 articles.<\/p>\n<p class=\"c1\"><strong>Pat\u00e9n\u00e9ma Oumar OUEDRAOGO<\/strong><\/p>\n<div class=\"td-a-rec td-a-rec-id-content_bottom td_uid_31_5cabc0d628884_rand td_block_template_1\"><img loading=\"lazy\" decoding=\"async\" class=\"alignright size-full wp-image-1724\" src=\"https:\/\/www.sidwaya.info\/wp-content\/uploads\/2018\/12\/sidwaya-pub.jpg\" alt=\"\" width=\"720\" height=\"90\"\/><\/div>\n<p>Auteur: DD. Sidwaya<br \/>\n<a href=\"https:\/\/www.sidwaya.info\/blog\/2019\/04\/08\/seera-2019-le-president-du-faso-felicite-pour-son-implication\/\">Cliquez ici pour lire l&rsquo;article depuis sa source.<\/a><\/p>\n","protected":false},"excerpt":{"rendered":"<p>En marge de la IIIe \u00e9dition de la Semaine des \u00e9nergies et des \u00e9nergies renouvelables d\u2019Afrique (SEERA), le pr\u00e9sident du Faso, Roch Marc Christian Kabor\u00e9, a re\u00e7u en audience, le vendredi 5 avril 2019 \u00e0 Kosyam, une d\u00e9l\u00e9gation des participants \u00e0 cette rencontre. Le ministre de l\u2019Energie, Isma\u00ebl Bachir Ou\u00e9draogo, a fait le point du [&hellip;]<\/p>\n","protected":false},"author":1816,"featured_media":0,"comment_status":"closed","ping_status":"closed","sticky":false,"template":"","format":"standard","meta":{"fifu_image_url":"","fifu_image_alt":"","footnotes":""},"categories":[73,81],"tags":[],"class_list":["post-26709","post","type-post","status-publish","format-standard","hentry","category-actualite","category-burkina-faso"],"_links":{"self":[{"href":"https:\/\/linitiative.ca\/International\/wp-json\/wp\/v2\/posts\/26709","targetHints":{"allow":["GET"]}}],"collection":[{"href":"https:\/\/linitiative.ca\/International\/wp-json\/wp\/v2\/posts"}],"about":[{"href":"https:\/\/linitiative.ca\/International\/wp-json\/wp\/v2\/types\/post"}],"author":[{"embeddable":true,"href":"https:\/\/linitiative.ca\/International\/wp-json\/wp\/v2\/users\/1816"}],"replies":[{"embeddable":true,"href":"https:\/\/linitiative.ca\/International\/wp-json\/wp\/v2\/comments?post=26709"}],"version-history":[{"count":0,"href":"https:\/\/linitiative.ca\/International\/wp-json\/wp\/v2\/posts\/26709\/revisions"}],"wp:attachment":[{"href":"https:\/\/linitiative.ca\/International\/wp-json\/wp\/v2\/media?parent=26709"}],"wp:term":[{"taxonomy":"category","embeddable":true,"href":"https:\/\/linitiative.ca\/International\/wp-json\/wp\/v2\/categories?post=26709"},{"taxonomy":"post_tag","embeddable":true,"href":"https:\/\/linitiative.ca\/International\/wp-json\/wp\/v2\/tags?post=26709"}],"curies":[{"name":"wp","href":"https:\/\/api.w.org\/{rel}","templated":true}]}}