{"id":26723,"date":"2019-04-08T17:08:46","date_gmt":"2019-04-08T21:08:46","guid":{"rendered":"https:\/\/linitiative.ca\/International\/le-cameroun-se-dit-pret-pour-accueillir-la-can-2021\/"},"modified":"2019-04-08T17:08:46","modified_gmt":"2019-04-08T21:08:46","slug":"le-cameroun-se-dit-pret-pour-accueillir-la-can-2021","status":"publish","type":"post","link":"https:\/\/linitiative.ca\/International\/le-cameroun-se-dit-pret-pour-accueillir-la-can-2021\/","title":{"rendered":"Le Cameroun se dit pr\u00eat pour accueillir la CAN 2021"},"content":{"rendered":"<div readability=\"32\">\n<p>Publi\u00e9 le 08.04.2019 \u00e0 22h08 par AFP<\/p>\n<\/div>\n<div readability=\"141\">\n<p>La CAF a retir\u00e9 fin novembre l\u2019organisation de l\u2019\u00e9dition 2019 au Cameroun, en raison de retards dans les travaux d\u2019infrastructures et de la situation s\u00e9curitaire.<\/p>\n<p>Le pays de Samuel Eto\u2019o a accept\u00e9 depuis le 10 d\u00e9cembre devenir l\u2019h\u00f4te de l\u2019\u00e9dition 2021 de la CAN de football, au d\u00e9triment de la C\u00f4te d\u2019Ivoire qui devra accueillir l\u2019\u00e9dition 2023.<\/p>\n<p>Le chef de l\u2019Etat camerounais a promis que son pays continuerait de se pr\u00e9parer pour abriter le championnat, et que \u00ab\u00a0tous les investissements li\u00e9s \u00e0 l\u2019organisation de la CAN seront r\u00e9alis\u00e9s\u00a0\u00bb.<\/p>\n<p>Lors de son habituel discours de fin d\u2019ann\u00e9e \u00a0\u00e0 la Nation, le chef de l\u2019Etat Paul Biya est revenu sur cet \u00e9pineux sujet.<\/p>\n<p>\u00ab Comme vous le savez, notre pays s\u2019\u00e9tait engag\u00e9 \u00e0 accueillir le grand rendez-vous du football africain en 2019. La Conf\u00e9d\u00e9ration africaine de football, au regard de certaines donn\u00e9es, a pens\u00e9 qu\u2019il fallait proc\u00e9der \u00e0 un glissement de date\u00a0\u00bb, avait-il d\u00e9clar\u00e9.<\/p>\n<p>Pour Paul Biya, r\u00e9\u00e9lu pour un septi\u00e8me mandat lors de l\u2019\u00e9lection pr\u00e9sident du 07 octobre dernier, \u00abtous les investissements li\u00e9s \u00e0 l\u2019organisation de la CAN seront r\u00e9alis\u00e9s\u00a0\u00bb, avait-il promis.<\/p>\n<p>Le pr\u00e9sident Paul Biya peut ainsi apporter une preuve concr\u00e8te des promesses tenues par son gouvernement, et apporter au peuple camerounais quelques bonnes raisons d\u2019\u00eatre fier.<\/p>\n<p>D\u00e9lais respect\u00e9s au Cameroun pour les travaux de la Coupe d\u2019Afrique des Nations<\/p>\n<p>Les derni\u00e8res finitions apport\u00e9es ce mois-ci aux travaux des stades et des infrastructures d\u00e9di\u00e9s \u00e0 l\u2019accueil de la Coupe d\u2019Afrique des Nations (CAN) en 2021, apportent la preuve indubitable de l\u2019efficacit\u00e9 des autorit\u00e9s camerounaises dans la mise en \u0153uvre d\u2019un tel projet, selon les autorit\u00e9s camerounaises.<\/p>\n<p>-Modification du cahier de charge-<\/p>\n<p>Lors de la d\u00e9cision en 2014 d\u2019organiser au Cameroun la CAN 2019, et alors m\u00eame qu\u2019en 2017, la Conf\u00e9d\u00e9ration Africaine de Football (CAF) avait fait passer le nombre de pays participants de 16 \u00e0 24 \u00e9quipes, le Cameroun et ses partenaires industriels se devaient de livrer dans les temps l\u2019ensemble des complexes sportifs, des voies de transport, des h\u00f4tels et des syst\u00e8mes de communications et de s\u00e9curit\u00e9. Malgr\u00e9 un report de la CAN au Cameroun en 2021, le pays a tenu les d\u00e9lais.<\/p>\n<p><ins data-revive-zoneid=\"9\" data-revive-id=\"10111e19d28d19d031742ee3b0b33eb0\"\/> <\/p>\n<p>Le Cameroun en avait besoin, et l\u2019organisation de la comp\u00e9tition sportive internationale devait \u00eatre l\u2019occasion pour le pays de mettre \u00e0 niveau tout un ensemble de routes, et d\u2019en cr\u00e9er de nouvelles. Il s\u2019agit de permettre aux fans, aux journalistes et aux \u00e9quipes d\u2019avoir acc\u00e8s aux diff\u00e9rents complexes sportifs dans des conditions de s\u00e9curit\u00e9 \u00e9quivalent aux standards internationaux les plus modernes.<\/p>\n<p>Si les routes constituent un \u00e9l\u00e9ment fondamental de la finalisation des travaux, le Cameroun a \u00e9galement relev\u00e9 le pari du logement des touristes en am\u00e9liorant et modernisant sa capacit\u00e9 d\u2019accueil des touristes dans les h\u00f4tels \u00e0 proximit\u00e9 des diff\u00e9rents sites des six stades retenus pour l\u2019occasion.<\/p>\n<p>Afin d\u2019assurer une transmission fluide et sans coupure des matchs de la CAN 2021, les r\u00e9seaux de communications ont \u00e9galement \u00e9t\u00e9 am\u00e9lior\u00e9s et mises \u00e0 jour vers des technologies de nouvelle g\u00e9n\u00e9ration.<\/p>\n<p>La cr\u00e9ation et la livraison dans les temps de ces \u00e9l\u00e9ments de logistiques indispensables au bon d\u00e9roulement de la CAN permettront \u00e9galement de satisfaire les besoins du pays bien au-del\u00e0 de la comp\u00e9tition.<\/p>\n<p>-Les complexes sportifs renouvel\u00e9s-<\/p>\n<p>Il s\u2019agissait sans nul doute du pari le plus ambitieux pour le Cameroun et son pr\u00e9sident. Les soci\u00e9t\u00e9s engag\u00e9es dans ce d\u00e9fi de construire ou renouveler l\u2019ensemble des complexes sportifs.<\/p>\n<p>Qu\u2019il s\u2019agisse des Chinois de la CEMEC et de le CHEC, des Egyptiens d\u2019Arab Contractor, des Turcs de la soci\u00e9t\u00e9 Yenig\u00fcn, des Portugais de Mota Engil ou encore des Italiens de Gruppo Peccini, sur chacun des stades, ces entreprises et les ouvriers camerounais qui y ont travaill\u00e9, ont permis de tenir le cahier des charges et de globalement respecter les d\u00e9lais.<\/p>\n<p>Sur certains complexes omnisports, quelques finitions restent \u00e0 faire, tel que le goudronnage du parking du stade d\u2019Olembe \u00e0 Yaound\u00e9, qui sont actuellement en cours.<\/p>\n<p>Mais Yaound\u00e9 indique avoir r\u00e9ussi \u00e0 tenir le pari des d\u00e9lais de la construction de la totalit\u00e9 des infrastructures est une v\u00e9ritable source de fiert\u00e9 et a surtout permis de d\u00e9montrer la validit\u00e9 de la m\u00e9thodologie adopt\u00e9e par le gouvernement.<\/p>\n<p>Plus de 1.000 milliards de Francs CFA (plus de 1,5 milliard d\u2019euros) ont \u00e9t\u00e9 inject\u00e9s dans la construction des infrastructures de la CAN 2021 selon des chiffres non officiels.<\/p>\n<\/div>\n<p>Auteur: AFP<br \/>\n<a href=\"https:\/\/www.journalducameroun.com\/fr\/le-cameroun-se-dit-pret-pour-accueillir-la-can-2021\/\">Cliquez ici pour lire l&rsquo;article depuis sa source.<\/a><\/p>\n","protected":false},"excerpt":{"rendered":"<p>Publi\u00e9 le 08.04.2019 \u00e0 22h08 par AFP La CAF a retir\u00e9 fin novembre l\u2019organisation de l\u2019\u00e9dition 2019 au Cameroun, en raison de retards dans les travaux d\u2019infrastructures et de la situation s\u00e9curitaire. Le pays de Samuel Eto\u2019o a accept\u00e9 depuis le 10 d\u00e9cembre devenir l\u2019h\u00f4te de l\u2019\u00e9dition 2021 de la CAN de football, au d\u00e9triment [&hellip;]<\/p>\n","protected":false},"author":1965,"featured_media":0,"comment_status":"closed","ping_status":"closed","sticky":false,"template":"","format":"standard","meta":{"fifu_image_url":"","fifu_image_alt":"","footnotes":""},"categories":[73,82],"tags":[],"class_list":["post-26723","post","type-post","status-publish","format-standard","hentry","category-actualite","category-cameroun"],"_links":{"self":[{"href":"https:\/\/linitiative.ca\/International\/wp-json\/wp\/v2\/posts\/26723","targetHints":{"allow":["GET"]}}],"collection":[{"href":"https:\/\/linitiative.ca\/International\/wp-json\/wp\/v2\/posts"}],"about":[{"href":"https:\/\/linitiative.ca\/International\/wp-json\/wp\/v2\/types\/post"}],"author":[{"embeddable":true,"href":"https:\/\/linitiative.ca\/International\/wp-json\/wp\/v2\/users\/1965"}],"replies":[{"embeddable":true,"href":"https:\/\/linitiative.ca\/International\/wp-json\/wp\/v2\/comments?post=26723"}],"version-history":[{"count":0,"href":"https:\/\/linitiative.ca\/International\/wp-json\/wp\/v2\/posts\/26723\/revisions"}],"wp:attachment":[{"href":"https:\/\/linitiative.ca\/International\/wp-json\/wp\/v2\/media?parent=26723"}],"wp:term":[{"taxonomy":"category","embeddable":true,"href":"https:\/\/linitiative.ca\/International\/wp-json\/wp\/v2\/categories?post=26723"},{"taxonomy":"post_tag","embeddable":true,"href":"https:\/\/linitiative.ca\/International\/wp-json\/wp\/v2\/tags?post=26723"}],"curies":[{"name":"wp","href":"https:\/\/api.w.org\/{rel}","templated":true}]}}