{"id":26745,"date":"2019-04-09T05:28:09","date_gmt":"2019-04-09T09:28:09","guid":{"rendered":"https:\/\/linitiative.ca\/International\/plus-de-227-milliards-dh-dexportations-cumulees-entre-2009-et-2018\/"},"modified":"2019-04-09T05:28:09","modified_gmt":"2019-04-09T09:28:09","slug":"plus-de-227-milliards-dh-dexportations-cumulees-entre-2009-et-2018","status":"publish","type":"post","link":"https:\/\/linitiative.ca\/International\/plus-de-227-milliards-dh-dexportations-cumulees-entre-2009-et-2018\/","title":{"rendered":"Plus de 227 milliards DH d\u2019exportations cumul\u00e9es entre 2009 et 2018"},"content":{"rendered":"<p><img decoding=\"async\" class=\"post_layout_5_img\" src=\"http:\/\/aujourdhui.ma\/wp-content\/uploads\/2019\/03\/Agriculture-irrigation.jpg?x29840\" alt=\"Plus de 227 milliards DH d\u2019exportations cumul\u00e9es entre 2009 et 2018\"\/><\/p>\n<p><em><strong>Elles ont connu un saut aussi bien quantitatif que qualitatif ces dix derni\u00e8res ann\u00e9es. Gr\u00e2ce \u00e0 l\u2019impulsion donn\u00e9e par le Plan Maroc Vert, les exportations des produits agricoles ont enregistr\u00e9 une nette croissance.<\/strong><\/em><span id=\"more-308975\"\/> Une am\u00e9lioration tir\u00e9e par le grand effort de diversification des produits et par l\u2019ouverture sur de nouveaux march\u00e9s. Une dynamique qui se traduit par un taux d\u2019accroissement annuel moyen de l\u2019ordre de 10%.<\/p>\n<p>A cet effet, la valeur des ventes des produits agricoles sur le march\u00e9 international a atteint un cumul de 227,4 milliards de dirhams sur la p\u00e9riode allant de 2009 \u00e0 2018. La valeur des exportations est ainsi pass\u00e9e de 14,2 milliards de dirhams en 2009 \u00e0 34,7 milliards de dirhams en 2018, soit un pic de 145% sur toute la p\u00e9riode ou encore un additionnel de l\u2019ordre de 20 milliards de dirhams.<\/p>\n<p>En analysant l\u2019\u00e9volution par volume, le d\u00e9partement de l\u2019agriculture laisse appara\u00eetre dans ses statistiques \u00e9tablies \u00e0 fin 2018 un accroissement de l\u2019ordre de 59% sur la p\u00e9riode 2009-2018, soit un taux annuel moyen de 5%. On note dans ce sens des exportations agricoles de l\u2019ordre de 2,3 millions de tonnes durant 2018 contre 1,44 million de tonnes en 2009. L\u2019ensemble des fili\u00e8res a redress\u00e9 durant la derni\u00e8re d\u00e9cennie.<\/p>\n<p>Les exportations des produits mara\u00eechers sont am\u00e9lior\u00e9es de 63% atteignant un volume de 1,24 million de tonnes en 2018 contre 761.000 tonnes en 2009. L\u2019Union europ\u00e9enne continue de capter l\u2019essentiel des exportations des produits mara\u00eechers, soit 1,09 million de tonnes \u00e9coul\u00e9es sur ce march\u00e9 en 2018 contre 713,3 mille tonnes en 2009.<\/p>\n<p>Le d\u00e9partement de l\u2019agriculture souligne dans ce sens que des efforts importants de diversification des exportations des produits mara\u00eechers ont \u00e9t\u00e9 d\u00e9ploy\u00e9s ouvrant de nouvelles perspectives sur des march\u00e9s importants. Tel que le march\u00e9 russe, l\u2019Afrique subsaharienne et les pays du Golfe o\u00f9 les exportations des produits mara\u00eechers se sont multipli\u00e9es respectivement de 3,1 fois, 122 fois et 15,5 fois entre l\u2019ann\u00e9e 2009 et l\u2019ann\u00e9e 2018. Les exportations des agrumes ont vu leur volume accro\u00eetre de 50% entre 2009 et 2018 se situant ainsi autour de 689.000 tonnes contre 461.000 tonnes en 2009.<\/p>\n<p>Il est \u00e0 noter que ladite p\u00e9riode a \u00e9t\u00e9 marqu\u00e9e par une croissance importante des petits fruits d\u2019agrumes. Leur volume est pass\u00e9 de 276.000 tonnes \u00e0 542.000 tonnes en 2018 culminant ainsi de 96%.<\/p>\n<p>A cet effet le volume cl\u00e9mentine import\u00e9 s\u2019est inscrit en am\u00e9lioration de 44\u00a0% par rapport \u00e0 2009. Celui de la vari\u00e9t\u00e9 Nour s\u2019est consolid\u00e9 de 41% sur la m\u00eame p\u00e9riode. Il en est de m\u00eame pour le Nadorcott dont le volume export\u00e9 s\u2019est multipli\u00e9 par 13 par rapport \u00e0 2009. En ce qui concerne les produits agricoles transform\u00e9s, 367.000 tonnes ont \u00e9t\u00e9 \u00e9coul\u00e9es sur le march\u00e9 international en 2018 contre 224.000 tonnes dix ans plus t\u00f4t, soit une progression de 64%. Les exportations de conserves d\u2019olives ont marqu\u00e9 une hausse de 32%, soit un volume de 75.000 tonnes contre environ 57.000 tonnes en 2009.<br \/>Le volume des fraises surgel\u00e9s ou congel\u00e9s export\u00e9 sur ladite p\u00e9riode s\u2019est consolid\u00e9 de 62% au moment o\u00f9 celui des huiles v\u00e9g\u00e9tales s\u2019est multipli\u00e9 par 5,5 entre 2009-2018.<\/p>\n<p>Auteur: Kawtar Tali<br \/>\n<a href=\"http:\/\/aujourdhui.ma\/economie\/plus-de-227-milliards-dh-dexportations-cumulees-entre-2009-et-2018\">Cliquez ici pour lire l&rsquo;article depuis sa source.<\/a><\/p>\n","protected":false},"excerpt":{"rendered":"<p>Elles ont connu un saut aussi bien quantitatif que qualitatif ces dix derni\u00e8res ann\u00e9es. Gr\u00e2ce \u00e0 l\u2019impulsion donn\u00e9e par le Plan Maroc Vert, les exportations des produits agricoles ont enregistr\u00e9 une nette croissance. Une am\u00e9lioration tir\u00e9e par le grand effort de diversification des produits et par l\u2019ouverture sur de nouveaux march\u00e9s. Une dynamique qui se [&hellip;]<\/p>\n","protected":false},"author":1759,"featured_media":0,"comment_status":"closed","ping_status":"closed","sticky":false,"template":"","format":"standard","meta":{"fifu_image_url":"","fifu_image_alt":"","footnotes":""},"categories":[73,54],"tags":[],"class_list":["post-26745","post","type-post","status-publish","format-standard","hentry","category-actualite","category-maroc"],"_links":{"self":[{"href":"https:\/\/linitiative.ca\/International\/wp-json\/wp\/v2\/posts\/26745","targetHints":{"allow":["GET"]}}],"collection":[{"href":"https:\/\/linitiative.ca\/International\/wp-json\/wp\/v2\/posts"}],"about":[{"href":"https:\/\/linitiative.ca\/International\/wp-json\/wp\/v2\/types\/post"}],"author":[{"embeddable":true,"href":"https:\/\/linitiative.ca\/International\/wp-json\/wp\/v2\/users\/1759"}],"replies":[{"embeddable":true,"href":"https:\/\/linitiative.ca\/International\/wp-json\/wp\/v2\/comments?post=26745"}],"version-history":[{"count":0,"href":"https:\/\/linitiative.ca\/International\/wp-json\/wp\/v2\/posts\/26745\/revisions"}],"wp:attachment":[{"href":"https:\/\/linitiative.ca\/International\/wp-json\/wp\/v2\/media?parent=26745"}],"wp:term":[{"taxonomy":"category","embeddable":true,"href":"https:\/\/linitiative.ca\/International\/wp-json\/wp\/v2\/categories?post=26745"},{"taxonomy":"post_tag","embeddable":true,"href":"https:\/\/linitiative.ca\/International\/wp-json\/wp\/v2\/tags?post=26745"}],"curies":[{"name":"wp","href":"https:\/\/api.w.org\/{rel}","templated":true}]}}