{"id":26746,"date":"2019-04-09T05:35:36","date_gmt":"2019-04-09T09:35:36","guid":{"rendered":"https:\/\/linitiative.ca\/International\/fadila-laanan-il-faut-rendre-lenseignement-accessible\/"},"modified":"2019-04-09T05:35:36","modified_gmt":"2019-04-09T09:35:36","slug":"fadila-laanan-il-faut-rendre-lenseignement-accessible","status":"publish","type":"post","link":"https:\/\/linitiative.ca\/International\/fadila-laanan-il-faut-rendre-lenseignement-accessible\/","title":{"rendered":"Fadila Laanan : \u00abIl faut rendre l\u2019enseignement accessible\u00bb"},"content":{"rendered":"<p><img decoding=\"async\" class=\"post_layout_5_img\" src=\"http:\/\/aujourdhui.ma\/wp-content\/uploads\/2019\/04\/Fadila-Laanan.jpg?x29840\" alt=\"Fadila Laanan : \u00abIl faut rendre l\u2019enseignement accessible\u00bb\"\/><\/p>\n<p><em><strong>ALM\u00a0: Vous faites partie des Marocains du monde qui ont \u00e9t\u00e9 prim\u00e9s cette ann\u00e9e par BM Magazine dans le cadre de ses \u00abTroph\u00e9es Marocains du Monde\u00bb. Que repr\u00e9sente pour vous cette pr\u00e9sence au Maroc ?<\/strong><\/em><\/p>\n<p>Fadila Laanan\u00a0: En effet, j\u2019ai \u00e9t\u00e9 invit\u00e9e \u00e0 Marrakech pour recevoir un prix lors des Troph\u00e9es Marocains du Monde. Je profite de cette occasion pour visiter des projets qui veulent promouvoir l\u2019entrepreneuriat f\u00e9minin. Sujet cher \u00e0 mon c\u0153ur. J\u2019ai \u00e9galement souhait\u00e9 rencontrer des op\u00e9rateurs culturels phares sur la sc\u00e8ne marocaine et qui rayonnent \u00e0 l\u2019\u00e9tranger. J\u2019avais \u00e9galement \u00e0 c\u0153ur de visiter l\u2019\u00e9cole belge de Casablanca, un fleuron en mati\u00e8re d\u2019enseignement, un mod\u00e8le de r\u00e9ussite qui est source d\u2019inspiration tant au Maroc qu\u2019\u00e0 l\u2019\u00e9tranger. Cette mission m\u2019a \u00e9galement permis de revoir des personnalit\u00e9s rencontr\u00e9es lors de Daba Maroc.<\/p>\n<p><em><strong>Sur votre agenda figurent plusieurs entretiens et rencontres. Sur quoi ont port\u00e9 ces \u00e9changes\u00a0?<\/strong><\/em><br \/>Les \u00e9changes s\u2019articuleront autour de plusieurs th\u00e9matiques. A titre d\u2019exemple, mon entretien avec Abdessamad Sekkal, pr\u00e9sident du Conseil r\u00e9gional Rabat-Sal\u00e9-K\u00e9nitra, a port\u00e9 sur un sujet qui me tient \u00e0 c\u0153ur, \u00e0 savoir la propret\u00e9 et la sensibilisation indispensable qui l\u2019accompagne.<br \/>J\u2019ai rencontr\u00e9 d\u00e9j\u00e0 plusieurs repr\u00e9sentantes de mouvements luttant pour l\u2019\u00e9galit\u00e9 entre hommes et femmes ainsi que contre les violences faites aux femmes. J\u2019ai eu le plaisir de faire la connaissance de La\u00efla Slassi, une des responsables de l\u2019association \u00ab\u00a0Masaktach\u00bb. Comme je suis marraine d\u2019une association f\u00e9ministe \u00abTouche pas \u00e0 ma pote\u00bb, nous avons \u00e9chang\u00e9 sur les bonnes pratiques. Un mouvement f\u00e9ministe est en marche, les mentalit\u00e9s changent, cela prendra du temps mais j\u2019ai confiance quand je vois le courage et la d\u00e9termination de ces femmes qui portent ce projet.<\/p>\n<p><em><strong>Min Ajliki est l\u2019un des programmes initi\u00e9s conjointement par le Maroc et la Belgique. Comment \u00e9valuez-vous ce projet\u00a0?<\/strong><\/em><br \/>Je suis enthousiaste et admirative par rapport aux r\u00e9sultats obtenus par le programme \u00abMin Ajliki 2.0\u00bb de soutien \u00e0 l\u2019entrepreneuriat f\u00e9minin. Ce programme marocain est soutenu par l\u2019agence de coop\u00e9ration APEFE Wallonie-Bruxelles sur le financement de la coop\u00e9ration belge. Il vise \u00e0 la promotion de la femme marocaine par l\u2019affirmation de ses comp\u00e9tences et de sa capacit\u00e9 \u00e0 enrichir et d\u00e9velopper le r\u00e9seau \u00e9conomique. Les r\u00e9sultats engrang\u00e9s par le programme t\u00e9moignent d\u2019un engouement sans pr\u00e9c\u00e9dent\u00a0: 700 cadres form\u00e9s \u00e0 l\u2019accompagnement des porteuses de projets, 60.000 femmes sensibilis\u00e9es dont 700 form\u00e9es \u00e0 l\u2019entrepreneuriat et 1200 accompagn\u00e9es en cr\u00e9ation d\u2019entreprises. L\u2019accueil que j\u2019ai re\u00e7u \u00e9tait formidable, j\u2019ai ressenti \u00e9norm\u00e9ment d\u2019\u00e9motion, ces femmes se forment, s\u2019\u00e9mancipent, on sent leur motivation.<\/p>\n<p><em><strong>D\u2019un point de vue global, quelle lecture faites-vous du cadre de coop\u00e9ration qui lie le Maroc \u00e0 la Belgique\u00a0? Et quels seront les autres axes de partenariat \u00e0 d\u00e9velopper sur le plan bilat\u00e9ral\u00a0?<\/strong><\/em><br \/>L\u2019enseignement reste pour moi une priorit\u00e9. Il faut le rendre accessible. Les difficult\u00e9s financi\u00e8res ne devraient pas \u00eatre un frein pour les familles qui ne peuvent pas payer des cours de rattrapage ou des cours particuliers \u00e0 leurs enfants. Les \u00e9coles, les universit\u00e9s sont des lieux o\u00f9 on peut faire passer des messages. Ce sont des lieux o\u00f9 on doit se sentir libres, ind\u00e9pendants. On peut faire passer des messages, transmettre des valeurs. Il faut donc travailler davantage sur l\u2019accessibilit\u00e9.<\/p>\n<p><em><strong>Le Royaume a connu de grandes et profondes mutations et ce sur plusieurs niveaux. Quel regard portez-vous sur le Maroc, votre pays d\u2019origine\u00a0?<\/strong><\/em><br \/>Je suis la fille de Tla\u00efmas et Bouziane, tous les deux Marocains du Rif. Mes parents sont arriv\u00e9s en Belgique en 1964 apr\u00e8s avoir transit\u00e9 par l\u2019Allemagne. Ils sont venus r\u00e9colter les fruits d\u2019une terre qui ne voulait pas forc\u00e9ment les accueillir mais qui avait \u00e9conomiquement besoin de main-d\u2019\u0153uvre bon march\u00e9. Ils ont sacrifi\u00e9 beaucoup sans jamais se plaindre. Je leur en serai toujours redevable. Aujourd\u2019hui, les enfants ont souvent oubli\u00e9 le sacrifice de leurs grands-parents. Je voudrais rendre hommage \u00e0 tous ces parents qui se sont oubli\u00e9s, qui ont connu le froid, l\u2019exil et le rejet et dire \u00e0 mes enfants, \u00e0 cette troisi\u00e8me g\u00e9n\u00e9ration qui \u00e9taient leurs grands-parents. Leur raconter comment ils \u00e9taient fiers et reconnaissants de travailler en Belgique et d\u2019offrir un meilleur avenir \u00e0 leurs enfants. Mes parents ont contribu\u00e9 \u00e0 l\u2019essor \u00e9conomique de la Belgique et gr\u00e2ce \u00e0 leur dur labeur, j\u2019ai pu devenir ce que je suis. Mais j\u2019ai oubli\u00e9 de raconter l\u2019histoire de mes parents \u00e0 mes enfants. Je voudrais r\u00e9parer cette erreur et leur raconter comment mes parents ont souffert et malgr\u00e9 tout ont toujours eu autant de gratitude pour ce pays\u00a0: la Belgique, ce pays o\u00f9 j\u2019ai grandi sans jamais oubli\u00e9 d\u2019o\u00f9 je viens\u00a0! Je pense que la m\u00e9moire doit \u00eatre perp\u00e9tuellement entretenue\u00a0!<\/p>\n<p><em><strong>Etant issue de la diaspora, quel message transmettez-vous aux Marocains du monde pour contribuer \u00e0 la dynamique sociale et \u00e9conomique que conna\u00eet le Maroc\u00a0?<\/strong><\/em><br \/>Je suis sereine et confiante en l\u2019avenir. J\u2019ai vu na\u00eetre un vent de libert\u00e9, une contestation saine et r\u00e9fl\u00e9chie. J\u2019ai vu des femmes se battre pour leurs droits. Des droits fondamentaux trop souvent viol\u00e9s. J\u2019ai eu l\u2019occasion durant ma mission de rencontrer des femmes qui refusent d\u2019\u00eatre des victimes. Le mouvement \u00abMasaktach\u00bb en est le symbole. Je ne r\u00e9p\u00e8terai jamais assez souvent mais on ne doit pas subir sa condition de femme comme si c\u2019\u00e9tait un fardeau ou un motif de discrimination.<\/p>\n<p>Auteur: Kawtar Tali<br \/>\n<a href=\"http:\/\/aujourdhui.ma\/societe\/fadila-laanan-il-faut-rendre-lenseignement-accessible\">Cliquez ici pour lire l&rsquo;article depuis sa source.<\/a><\/p>\n","protected":false},"excerpt":{"rendered":"<p>ALM\u00a0: Vous faites partie des Marocains du monde qui ont \u00e9t\u00e9 prim\u00e9s cette ann\u00e9e par BM Magazine dans le cadre de ses \u00abTroph\u00e9es Marocains du Monde\u00bb. Que repr\u00e9sente pour vous cette pr\u00e9sence au Maroc ? Fadila Laanan\u00a0: En effet, j\u2019ai \u00e9t\u00e9 invit\u00e9e \u00e0 Marrakech pour recevoir un prix lors des Troph\u00e9es Marocains du Monde. Je [&hellip;]<\/p>\n","protected":false},"author":1759,"featured_media":0,"comment_status":"closed","ping_status":"closed","sticky":false,"template":"","format":"standard","meta":{"fifu_image_url":"","fifu_image_alt":"","footnotes":""},"categories":[73,54],"tags":[],"class_list":["post-26746","post","type-post","status-publish","format-standard","hentry","category-actualite","category-maroc"],"_links":{"self":[{"href":"https:\/\/linitiative.ca\/International\/wp-json\/wp\/v2\/posts\/26746","targetHints":{"allow":["GET"]}}],"collection":[{"href":"https:\/\/linitiative.ca\/International\/wp-json\/wp\/v2\/posts"}],"about":[{"href":"https:\/\/linitiative.ca\/International\/wp-json\/wp\/v2\/types\/post"}],"author":[{"embeddable":true,"href":"https:\/\/linitiative.ca\/International\/wp-json\/wp\/v2\/users\/1759"}],"replies":[{"embeddable":true,"href":"https:\/\/linitiative.ca\/International\/wp-json\/wp\/v2\/comments?post=26746"}],"version-history":[{"count":0,"href":"https:\/\/linitiative.ca\/International\/wp-json\/wp\/v2\/posts\/26746\/revisions"}],"wp:attachment":[{"href":"https:\/\/linitiative.ca\/International\/wp-json\/wp\/v2\/media?parent=26746"}],"wp:term":[{"taxonomy":"category","embeddable":true,"href":"https:\/\/linitiative.ca\/International\/wp-json\/wp\/v2\/categories?post=26746"},{"taxonomy":"post_tag","embeddable":true,"href":"https:\/\/linitiative.ca\/International\/wp-json\/wp\/v2\/tags?post=26746"}],"curies":[{"name":"wp","href":"https:\/\/api.w.org\/{rel}","templated":true}]}}