{"id":26748,"date":"2019-04-09T05:47:42","date_gmt":"2019-04-09T09:47:42","guid":{"rendered":"https:\/\/linitiative.ca\/International\/une-station-balneaire-a-30-km-dagadir-est-a-letude\/"},"modified":"2019-04-09T05:47:42","modified_gmt":"2019-04-09T09:47:42","slug":"une-station-balneaire-a-30-km-dagadir-est-a-letude","status":"publish","type":"post","link":"https:\/\/linitiative.ca\/International\/une-station-balneaire-a-30-km-dagadir-est-a-letude\/","title":{"rendered":"Une station baln\u00e9aire \u00e0 30 km d\u2019Agadir est \u00e0 l\u2019\u00e9tude"},"content":{"rendered":"<header>\n<\/header>\n<div class=\"entry-content clearfix\" readability=\"63\"><img decoding=\"async\" class=\"post_layout_5_img\" src=\"http:\/\/aujourdhui.ma\/wp-content\/uploads\/2018\/06\/Agadir.jpg?x29840\" alt=\"Une station baln\u00e9aire \u00e0 30 km d\u2019Agadir est \u00e0 l\u2019\u00e9tude\"\/><\/p>\n<p><strong>Devenue l\u2019une des r\u00e9gions les plus pris\u00e9es au Maroc par les touristes, la r\u00e9gion du Souss-Massa rec\u00e8le d\u2019\u00e9normes potentialit\u00e9s dans le secteur.<\/strong><span id=\"more-308983\"\/> Sans \u00e9quivoque, elle est class\u00e9e premi\u00e8re en termes de capacit\u00e9 h\u00f4teli\u00e8re baln\u00e9aire au niveau du Maroc. Cette offre continue de progresser avec les projets touristiques qui seront mis en place dans l\u2019avenir. Dernier en date, le projet lanc\u00e9 par la Soci\u00e9t\u00e9 marocaine d\u2019ing\u00e9nierie touristique visant \u00e0 \u00e9laborer un Master Plan d\u2019une station touristique dans la r\u00e9gion.<\/p>\n<p><em><strong>Une assiette fonci\u00e8re d\u2019environ 600 hectares<\/strong><\/em><br \/>Pour r\u00e9aliser ce projet, l\u2019assiette fonci\u00e8re r\u00e9serv\u00e9e \u00e0 la station est \u00e9tal\u00e9e sur une superficie de 594 hectares. Le site est localis\u00e9 dans la commune rurale de Tamri relevant de la pr\u00e9fecture d\u2019Agadir Ida Outanane. Cette future station est limit\u00e9e au nord par les reliefs du Haut Atlas et \u00e0 l\u2019ouest par l\u2019Oc\u00e9an Atlantique. Il se situe sur un plateau s\u2019\u00e9tendant jusqu\u2019\u00e0 la plaine du Souss-Massa. Cette station baln\u00e9aire est situ\u00e9e \u00e0 30 kilom\u00e8tres de la ville d\u2019Agadir et 50 kilom\u00e8tres de l\u2019a\u00e9roport international Al Massira d\u2019Agadir. En termes d\u2019infrastructures, le site est desservi directement par la route nationale N\u00b01 le reliant au sud \u00e0 Agadir et au nord \u00e0 Essaouira et indirectement par l\u2019autoroute desservant Agadir vers Marrakech. Ainsi, le projet a pour objectif de renforcer le produit touristique au niveau de la destination d\u2019Agadir. Dans le d\u00e9tail, la composante h\u00f4teli\u00e8re devra arriver \u00e0 une capacit\u00e9 d\u2019h\u00e9bergement h\u00f4telier d\u2019environ 12.000 lits. Quant \u00e0 la partie animation et loisirs, le projet va comprendre une offre tr\u00e8s riche en produits d\u2019animation et de loisirs, de taille et d\u2019envergure appropri\u00e9es dans le but de r\u00e9pondre aux attentes de la client\u00e8le cible. A cet \u00e9gard, le projet doit attirer une client\u00e8le orient\u00e9e vers l\u2019aventure, les sports, la d\u00e9couverte et immersion, les activit\u00e9s ludiques, les loisirs aquatiques et les parcs th\u00e9matiques. Dans l\u2019ensemble le projet permettra un d\u00e9veloppement et une r\u00e9alisation par phases ind\u00e9pendantes les unes des autres. De m\u00eame le front de mer sera r\u00e9serv\u00e9 aux unit\u00e9s h\u00f4teli\u00e8res et d\u2019animation. Le Master Plan global pr\u00e9sentera dans ce sens le concept global de d\u00e9veloppement et pour le site.<\/p>\n<p><strong>Le positionnement de la r\u00e9gion<\/strong><br \/>De plus en plus attractive, la r\u00e9gion du Souss-Massa ambitionne de se positionner comme un levier de la croissance du baln\u00e9aire au Maroc. Cette strat\u00e9gie est bas\u00e9e sur les atouts de la r\u00e9gion disposant de conditions favorisant un arri\u00e8re-pays riche en actifs touristiques naturel et culturel. Le secteur du tourisme demeure un pilier principal de l\u2019\u00e9conomie de la R\u00e9gion du Souss-Massa en raison donc des \u00e9normes potentialit\u00e9s touristiques dont elle b\u00e9n\u00e9ficie. Sur le plan national, une grande part de la capacit\u00e9 touristique de la r\u00e9gion se trouve concentr\u00e9e autour de la ville d\u2019Agadir. Au niveau de la performance touristique, la R\u00e9gion se positionne comme deuxi\u00e8me destination apr\u00e8s Marrakech avec 25% des nuit\u00e9es touristiques (5,5 millions de nuit\u00e9es en 2017).<\/p>\n<\/div>\n<p>Auteur: Ouchagour Leila<br \/>\n<a href=\"http:\/\/aujourdhui.ma\/economie\/une-station-balneaire-a-30-km-dagadir-est-a-letude\">Cliquez ici pour lire l&rsquo;article depuis sa source.<\/a><\/p>\n","protected":false},"excerpt":{"rendered":"<p>Devenue l\u2019une des r\u00e9gions les plus pris\u00e9es au Maroc par les touristes, la r\u00e9gion du Souss-Massa rec\u00e8le d\u2019\u00e9normes potentialit\u00e9s dans le secteur. Sans \u00e9quivoque, elle est class\u00e9e premi\u00e8re en termes de capacit\u00e9 h\u00f4teli\u00e8re baln\u00e9aire au niveau du Maroc. Cette offre continue de progresser avec les projets touristiques qui seront mis en place dans l\u2019avenir. Dernier [&hellip;]<\/p>\n","protected":false},"author":1759,"featured_media":0,"comment_status":"closed","ping_status":"closed","sticky":false,"template":"","format":"standard","meta":{"fifu_image_url":"","fifu_image_alt":"","footnotes":""},"categories":[73,54],"tags":[],"class_list":["post-26748","post","type-post","status-publish","format-standard","hentry","category-actualite","category-maroc"],"_links":{"self":[{"href":"https:\/\/linitiative.ca\/International\/wp-json\/wp\/v2\/posts\/26748","targetHints":{"allow":["GET"]}}],"collection":[{"href":"https:\/\/linitiative.ca\/International\/wp-json\/wp\/v2\/posts"}],"about":[{"href":"https:\/\/linitiative.ca\/International\/wp-json\/wp\/v2\/types\/post"}],"author":[{"embeddable":true,"href":"https:\/\/linitiative.ca\/International\/wp-json\/wp\/v2\/users\/1759"}],"replies":[{"embeddable":true,"href":"https:\/\/linitiative.ca\/International\/wp-json\/wp\/v2\/comments?post=26748"}],"version-history":[{"count":0,"href":"https:\/\/linitiative.ca\/International\/wp-json\/wp\/v2\/posts\/26748\/revisions"}],"wp:attachment":[{"href":"https:\/\/linitiative.ca\/International\/wp-json\/wp\/v2\/media?parent=26748"}],"wp:term":[{"taxonomy":"category","embeddable":true,"href":"https:\/\/linitiative.ca\/International\/wp-json\/wp\/v2\/categories?post=26748"},{"taxonomy":"post_tag","embeddable":true,"href":"https:\/\/linitiative.ca\/International\/wp-json\/wp\/v2\/tags?post=26748"}],"curies":[{"name":"wp","href":"https:\/\/api.w.org\/{rel}","templated":true}]}}