{"id":26749,"date":"2019-04-09T05:52:45","date_gmt":"2019-04-09T09:52:45","guid":{"rendered":"https:\/\/linitiative.ca\/International\/une-3eme-edition-tmm-pour-rendre-hommage-aux-marocains-dailleurs\/"},"modified":"2019-04-09T05:52:45","modified_gmt":"2019-04-09T09:52:45","slug":"une-3eme-edition-tmm-pour-rendre-hommage-aux-marocains-dailleurs","status":"publish","type":"post","link":"https:\/\/linitiative.ca\/International\/une-3eme-edition-tmm-pour-rendre-hommage-aux-marocains-dailleurs\/","title":{"rendered":"Une 3\u00e8me \u00e9dition TMM pour rendre hommage aux Marocains d\u2019ailleurs"},"content":{"rendered":"<p><img decoding=\"async\" class=\"post_layout_5_img\" src=\"http:\/\/aujourdhui.ma\/wp-content\/uploads\/2019\/04\/Nomines-TMM.jpg?x29840\" alt=\"Une 3\u00e8me \u00e9dition TMM pour rendre hommage aux Marocains d\u2019ailleurs\"\/><\/p>\n<p><strong>La 3\u00e8me \u00e9dition des Troph\u00e9es des Marocains du Monde vient de d\u00e9montrer encore une fois que les talents marocains install\u00e9s \u00e0 l\u2019\u00e9tranger ont besoin de la reconnaissance de leur pays d\u2019origine.<\/strong><span id=\"more-308985\"\/> Le magazine BledMag, soutenu par le minist\u00e8re des MRE, a relev\u00e9 encore une fois le pari de les valoriser en l\u2019espace d\u2019un week-end et mettre en avant les meilleurs talents selon le domaine d\u2019activit\u00e9. Le jury a eu la lourde t\u00e2che de d\u00e9partager entre des profils s\u00e9lectionn\u00e9s d\u00e9j\u00e0 et dont la trajectoire m\u00e9rite d\u2019\u00eatre rappel\u00e9e. Dans la cat\u00e9gorie Entreprises, le troph\u00e9e est revenu \u00e0 Abdelillah Chatar, homme d\u2019affaires belgo-marocain. L\u2019homme originaire de Berkane, install\u00e9 dans les Flandres est le premier \u00e0 s\u2019\u00eatre lanc\u00e9 dans le march\u00e9 halal en Belgique.<\/p>\n<p>Un prix sp\u00e9cial a \u00e9t\u00e9 d\u00e9cern\u00e9, dans la m\u00eame cat\u00e9gorie, \u00e0 Rahma Mouden, une entrepreneure marocaine ayant d\u00e9marr\u00e9 sa vie d\u2019immigrante en tant que femme de m\u00e9nage. Aujourd\u2019hui, la dame qui est arriv\u00e9e, \u00e0 l\u2019\u00e2ge de 16 ans, en 1975, aux Pays-Bas, dirige 5 entreprises et emploie plus de 500 employ\u00e9s \u00e0 travers son enseigne \u00abMulticulturelles Amsterdam Cleaners\u00bb (MAS) qui g\u00e9n\u00e8re un chiffre d\u2019affaires annuel de 11.000.000 d\u2019euros.<\/p>\n<p>Dans la cat\u00e9gorie Sport, c\u2019est le jeune boxeur Nordine Oubaali qui a \u00e9t\u00e9 prim\u00e9. Athl\u00e8te de haut niveau, Nordine est n\u00e9 le 4 ao\u00fbt 1986 \u00e0 Lens. Il a remport\u00e9, le 19 janvier dernier, le titre WBC des poids coq contre l\u2019Am\u00e9ricain Rau\u2019shee Warren dans la MGM Grand Arena de Las Vegas.<br \/>Dans la m\u00eame cat\u00e9gorie, la jeune lutteuse Amal Amjahid a re\u00e7u un prix sp\u00e9cial. N\u00e9e en Belgique en 1995, Amal a remport\u00e9 7 fois le titre de championne du monde. A 16 ans, elle d\u00e9croche son premier grand titre de vice-championne d\u2019Europe. En ao\u00fbt 2018, elle remporte la m\u00e9daille d\u2019or du Grand Chelem de Tokyo et devient num\u00e9ro une mondiale dans sa cat\u00e9gorie.<\/p>\n<p>Dans la cat\u00e9gorie Soci\u00e9t\u00e9 Civile, c\u2019est la Tang\u00e9roise Hafida Bachir qui a retenu le consensus du jury. Elle d\u00e9fend les femmes issues de l\u2019immigration. La militante int\u00e8gre, en 1988, Vie F\u00e9minine, le plus important mouvement f\u00e9ministe belge. En 2006, elle pr\u00e9side cette ONG. Hafida Bachir a re\u00e7u le titre de commandeur de l\u2019Ordre de la Couronne en 2014.<\/p>\n<p>Aziz Moqrich s\u2019est vu d\u00e9cerner le prix de la recherche scientifique. Biologiste de formation et directeur de recherche CNRS \u00e0 l\u2019Institut de biologie du d\u00e9veloppement de Marseille (IBDM), ses recherches s\u2019orientent vers la douleur chronique m\u00e9canismes cellulaires et mol\u00e9culaires. En 2011, il a \u00e9t\u00e9 r\u00e9compens\u00e9 par le consortium europ\u00e9en pour la recherche (ERC) et en 2016 il a obtenu le prix de la fondation Unite Guerra Paul Beaudouil Lambrecht Ma\u00efano. Pour le champs Politique, c\u2019est Mohammed Chaib Akhdim qui se distinguera par un parcours en tant que premier d\u00e9put\u00e9 d\u2019origine marocaine si\u00e9geant au Parlement espagnol. Militant associatif, \u0153uvrant pour la coexistence des communaut\u00e9s, \u00e9crivain et chroniqueur, ce pharmacien natif de Tanger est arriv\u00e9 en Catalogne \u00e0 l\u2019\u00e2ge de 4 ans. Dans le registre culturel, Monia Rizkallah, violoniste, re\u00e7oit le prix TMM. N\u00e9e \u00e0 Bordeaux, l\u2019artiste est dipl\u00f4m\u00e9e du premier prix de Violon et du premier prix de musique de Chambre. En 2018, elle devient membre du \u00abWorld Orchestra for Peace\u00bb.<\/p>\n<p>Auteur: Dounia Essabban<br \/>\n<a href=\"http:\/\/aujourdhui.ma\/societe\/une-3eme-edition-tmm-pour-rendre-hommage-aux-marocains-dailleurs\">Cliquez ici pour lire l&rsquo;article depuis sa source.<\/a><\/p>\n","protected":false},"excerpt":{"rendered":"<p>La 3\u00e8me \u00e9dition des Troph\u00e9es des Marocains du Monde vient de d\u00e9montrer encore une fois que les talents marocains install\u00e9s \u00e0 l\u2019\u00e9tranger ont besoin de la reconnaissance de leur pays d\u2019origine. Le magazine BledMag, soutenu par le minist\u00e8re des MRE, a relev\u00e9 encore une fois le pari de les valoriser en l\u2019espace d\u2019un week-end et [&hellip;]<\/p>\n","protected":false},"author":1759,"featured_media":0,"comment_status":"closed","ping_status":"closed","sticky":false,"template":"","format":"standard","meta":{"fifu_image_url":"","fifu_image_alt":"","footnotes":""},"categories":[73,54],"tags":[],"class_list":["post-26749","post","type-post","status-publish","format-standard","hentry","category-actualite","category-maroc"],"_links":{"self":[{"href":"https:\/\/linitiative.ca\/International\/wp-json\/wp\/v2\/posts\/26749","targetHints":{"allow":["GET"]}}],"collection":[{"href":"https:\/\/linitiative.ca\/International\/wp-json\/wp\/v2\/posts"}],"about":[{"href":"https:\/\/linitiative.ca\/International\/wp-json\/wp\/v2\/types\/post"}],"author":[{"embeddable":true,"href":"https:\/\/linitiative.ca\/International\/wp-json\/wp\/v2\/users\/1759"}],"replies":[{"embeddable":true,"href":"https:\/\/linitiative.ca\/International\/wp-json\/wp\/v2\/comments?post=26749"}],"version-history":[{"count":0,"href":"https:\/\/linitiative.ca\/International\/wp-json\/wp\/v2\/posts\/26749\/revisions"}],"wp:attachment":[{"href":"https:\/\/linitiative.ca\/International\/wp-json\/wp\/v2\/media?parent=26749"}],"wp:term":[{"taxonomy":"category","embeddable":true,"href":"https:\/\/linitiative.ca\/International\/wp-json\/wp\/v2\/categories?post=26749"},{"taxonomy":"post_tag","embeddable":true,"href":"https:\/\/linitiative.ca\/International\/wp-json\/wp\/v2\/tags?post=26749"}],"curies":[{"name":"wp","href":"https:\/\/api.w.org\/{rel}","templated":true}]}}