{"id":26774,"date":"2019-04-08T19:05:39","date_gmt":"2019-04-08T23:05:39","guid":{"rendered":"https:\/\/linitiative.ca\/International\/botola-maroc-telecom-d1-24e-journee-victoire-du-kacm-face-a-las-far-2-0\/"},"modified":"2019-04-08T19:05:39","modified_gmt":"2019-04-08T23:05:39","slug":"botola-maroc-telecom-d1-24e-journee-victoire-du-kacm-face-a-las-far-2-0","status":"publish","type":"post","link":"https:\/\/linitiative.ca\/International\/botola-maroc-telecom-d1-24e-journee-victoire-du-kacm-face-a-las-far-2-0\/","title":{"rendered":"Botola Maroc T\u00e9l\u00e9com D1 (24\u00e8 journ\u00e9e): Victoire du KACM face \u00e0 l\u2019AS FAR (2-0)"},"content":{"rendered":"<div readability=\"34\">\n<p>Rabat \u2013 Le Kawkab de Marrakech (KACM) s\u2019est impos\u00e9 sur la pelouse de l\u2019AS FAR par 2 buts \u00e0 0, lundi en match de la 24\u00e8 journ\u00e9e de Botola Maroc T\u00e9l\u00e9com D1 de football.<\/p>\n<\/div>\n<div readability=\"39\">\n<p>Les deux buts de la rencontre ont \u00e9t\u00e9 inscrits par Taoufik Safsafi (5, CSC) et Yassine Dabi (49\u00e8).<\/p>\n<p>Apr\u00e8s cette victoire, le KACM rejoint le CRA \u00e0 la 15\u00e8 position avec 22 points, alors que l\u2019AS FAR est 9\u00e8 avec 29 points.<\/p>\n<\/div>\n<p>Auteur: Meriem IGASS<br \/>\n<a href=\"http:\/\/www.mapmarrakech.ma\/fr\/botola-maroc-telecom-d1-24e-journee-victoire-du-kacm-face-a-las-far-2-0\/\">Cliquez ici pour lire l&rsquo;article depuis sa source.<\/a><\/p>\n","protected":false},"excerpt":{"rendered":"<p>Rabat \u2013 Le Kawkab de Marrakech (KACM) s\u2019est impos\u00e9 sur la pelouse de l\u2019AS FAR par 2 buts \u00e0 0, lundi en match de la 24\u00e8 journ\u00e9e de Botola Maroc T\u00e9l\u00e9com D1 de football. Les deux buts de la rencontre ont \u00e9t\u00e9 inscrits par Taoufik Safsafi (5, CSC) et Yassine Dabi (49\u00e8). Apr\u00e8s cette victoire, [&hellip;]<\/p>\n","protected":false},"author":1788,"featured_media":0,"comment_status":"closed","ping_status":"closed","sticky":false,"template":"","format":"standard","meta":{"fifu_image_url":"","fifu_image_alt":"","footnotes":""},"categories":[54,76],"tags":[],"class_list":["post-26774","post","type-post","status-publish","format-standard","hentry","category-maroc","category-regions"],"_links":{"self":[{"href":"https:\/\/linitiative.ca\/International\/wp-json\/wp\/v2\/posts\/26774","targetHints":{"allow":["GET"]}}],"collection":[{"href":"https:\/\/linitiative.ca\/International\/wp-json\/wp\/v2\/posts"}],"about":[{"href":"https:\/\/linitiative.ca\/International\/wp-json\/wp\/v2\/types\/post"}],"author":[{"embeddable":true,"href":"https:\/\/linitiative.ca\/International\/wp-json\/wp\/v2\/users\/1788"}],"replies":[{"embeddable":true,"href":"https:\/\/linitiative.ca\/International\/wp-json\/wp\/v2\/comments?post=26774"}],"version-history":[{"count":0,"href":"https:\/\/linitiative.ca\/International\/wp-json\/wp\/v2\/posts\/26774\/revisions"}],"wp:attachment":[{"href":"https:\/\/linitiative.ca\/International\/wp-json\/wp\/v2\/media?parent=26774"}],"wp:term":[{"taxonomy":"category","embeddable":true,"href":"https:\/\/linitiative.ca\/International\/wp-json\/wp\/v2\/categories?post=26774"},{"taxonomy":"post_tag","embeddable":true,"href":"https:\/\/linitiative.ca\/International\/wp-json\/wp\/v2\/tags?post=26774"}],"curies":[{"name":"wp","href":"https:\/\/api.w.org\/{rel}","templated":true}]}}