{"id":26777,"date":"2019-04-09T09:28:22","date_gmt":"2019-04-09T13:28:22","guid":{"rendered":"https:\/\/linitiative.ca\/International\/des-experts-africains-en-chirurgie-cardio-vasculaire-en-conclave-a-marrakech\/"},"modified":"2019-04-09T09:28:22","modified_gmt":"2019-04-09T13:28:22","slug":"des-experts-africains-en-chirurgie-cardio-vasculaire-en-conclave-a-marrakech","status":"publish","type":"post","link":"https:\/\/linitiative.ca\/International\/des-experts-africains-en-chirurgie-cardio-vasculaire-en-conclave-a-marrakech\/","title":{"rendered":"Des experts africains en chirurgie cardio-vasculaire en conclave \u00e0 Marrakech"},"content":{"rendered":"<p><iframe loading=\"lazy\" width=\"1170\" height=\"658\" src=\"https:\/\/www.youtube.com\/embed\/woLCycyFIDs?feature=oembed\" frameborder=\"0\" allow=\"accelerometer; autoplay; encrypted-media; gyroscope; picture-in-picture\" allowfullscreen=\"\">[embedded content]<\/iframe><\/p>\n<div class=\"post-header-inner post-header-title\">\n<p><span class=\"time\"><time class=\"post-published updated\" datetime=\"2019-04-09T13:28:22+00:00\"><strong>9 avril 2019<\/strong><\/time><\/span><\/p>\n<\/div>\n<div class=\"single-post-excerpt post-excerpt-bc\" readability=\"37\">\n<p>Des experts en chirurgie cardio-vasculaire, venus du Continent africain et d\u2019ailleurs, se sont donn\u00e9s rendez-vous \u00e0 Marrakech pour le premier congr\u00e8s panafricain de cette sp\u00e9cialit\u00e9, qui a entam\u00e9 ses travaux r\u00e9cemment dans la cit\u00e9 ocre.<\/p>\n<\/div>\n<p>Auteur: Meriem IGASS<br \/>\n<a href=\"http:\/\/www.mapmarrakech.ma\/fr\/des-experts-africains-en-chirurgie-cardio-vasculaire-en-conclave-a-marrakech\/\">Cliquez ici pour lire l&rsquo;article depuis sa source.<\/a><\/p>\n","protected":false},"excerpt":{"rendered":"<p>[embedded content] 9 avril 2019 Des experts en chirurgie cardio-vasculaire, venus du Continent africain et d\u2019ailleurs, se sont donn\u00e9s rendez-vous \u00e0 Marrakech pour le premier congr\u00e8s panafricain de cette sp\u00e9cialit\u00e9, qui a entam\u00e9 ses travaux r\u00e9cemment dans la cit\u00e9 ocre. Auteur: Meriem IGASS Cliquez ici pour lire l&rsquo;article depuis sa source.<\/p>\n","protected":false},"author":1788,"featured_media":0,"comment_status":"closed","ping_status":"closed","sticky":false,"template":"","format":"standard","meta":{"fifu_image_url":"","fifu_image_alt":"","footnotes":""},"categories":[54,76],"tags":[],"class_list":["post-26777","post","type-post","status-publish","format-standard","hentry","category-maroc","category-regions"],"_links":{"self":[{"href":"https:\/\/linitiative.ca\/International\/wp-json\/wp\/v2\/posts\/26777","targetHints":{"allow":["GET"]}}],"collection":[{"href":"https:\/\/linitiative.ca\/International\/wp-json\/wp\/v2\/posts"}],"about":[{"href":"https:\/\/linitiative.ca\/International\/wp-json\/wp\/v2\/types\/post"}],"author":[{"embeddable":true,"href":"https:\/\/linitiative.ca\/International\/wp-json\/wp\/v2\/users\/1788"}],"replies":[{"embeddable":true,"href":"https:\/\/linitiative.ca\/International\/wp-json\/wp\/v2\/comments?post=26777"}],"version-history":[{"count":0,"href":"https:\/\/linitiative.ca\/International\/wp-json\/wp\/v2\/posts\/26777\/revisions"}],"wp:attachment":[{"href":"https:\/\/linitiative.ca\/International\/wp-json\/wp\/v2\/media?parent=26777"}],"wp:term":[{"taxonomy":"category","embeddable":true,"href":"https:\/\/linitiative.ca\/International\/wp-json\/wp\/v2\/categories?post=26777"},{"taxonomy":"post_tag","embeddable":true,"href":"https:\/\/linitiative.ca\/International\/wp-json\/wp\/v2\/tags?post=26777"}],"curies":[{"name":"wp","href":"https:\/\/api.w.org\/{rel}","templated":true}]}}