{"id":26778,"date":"2019-04-09T09:54:36","date_gmt":"2019-04-09T13:54:36","guid":{"rendered":"https:\/\/linitiative.ca\/International\/3e-edition-des-trophees-marocains-du-monde-des-mre-primes-a-marrakech\/"},"modified":"2019-04-09T09:54:36","modified_gmt":"2019-04-09T13:54:36","slug":"3e-edition-des-trophees-marocains-du-monde-des-mre-primes-a-marrakech","status":"publish","type":"post","link":"https:\/\/linitiative.ca\/International\/3e-edition-des-trophees-marocains-du-monde-des-mre-primes-a-marrakech\/","title":{"rendered":"3\u00e8 \u00e9dition des Troph\u00e9es Marocains du Monde: Des MRE prim\u00e9s \u00e0 Marrakech"},"content":{"rendered":"<div readability=\"38\">\n<p>Marrakech- Une brochette de Marocains de la diaspora, qui se sont brillamment distingu\u00e9s dans leurs domaines d\u2019activit\u00e9 respectifs, ont \u00e9t\u00e9 prim\u00e9s, r\u00e9cemment \u00e0 Marrakech, \u00e0 l\u2019occasion de la troisi\u00e8me \u00e9dition des Troph\u00e9es Marocains du Monde (TMM).<\/p>\n<\/div>\n<div readability=\"147\">\n<p>Organis\u00e9 \u00e0 l\u2019initiative de \u00ab\u00a0Bled Magazine\u00a0\u00bb (BM), cet \u00e9v\u00e9nement vise \u00e0 mettre en lumi\u00e8re les parcours exceptionnels des membres de la communaut\u00e9 marocaine \u00e9tablie \u00e0 l\u2019\u00e9tranger qui se sont forg\u00e9 des carri\u00e8res tr\u00e8s remarquables au sein de leurs pays d\u2019accueil, constituant ainsi des mod\u00e8les d\u2019int\u00e9gration sociale r\u00e9ussie et des ambassadeurs de leur pays d\u2019origine \u00e0 travers le monde.<\/p>\n<p>Un total de 18 nomin\u00e9s ont \u00e9t\u00e9 s\u00e9lectionn\u00e9s parmi la communaut\u00e9 marocaine \u00e9tablie dans diff\u00e9rents pays dans six cat\u00e9gories: \u00ab\u00a0Art et Culture\u00a0\u00bb, \u00ab\u00a0Entreprise\u00a0\u00bb, \u00ab\u00a0Politique\u00a0\u00bb, \u00ab\u00a0Soci\u00e9t\u00e9 civile et Droits de l\u2019Homme\u00a0\u00bb, \u00ab\u00a0Sport\u00a0\u00bb et \u00ab\u00a0Recherche scientifique\u00a0\u00bb.<\/p>\n<p>Ainsi, dans la cat\u00e9gorie \u00ab\u00a0Art et Culture\u00a0\u00bb, le jury, pr\u00e9sid\u00e9 par Mme Hasna Daoudi, a attribu\u00e9 le troph\u00e9e \u00e0 la violoniste Monia Rizkallah, alors que l\u2019homme d\u2019affaires Abdelilah Chatar a \u00e9t\u00e9 prim\u00e9 dans la cat\u00e9gorie \u00ab\u00a0Entreprise\u00a0\u00bb.<\/p>\n<p>S\u2019agissant de la cat\u00e9gorie \u00ab\u00a0Politique\u00a0\u00bb, le troph\u00e9e a \u00e9t\u00e9 d\u00e9cern\u00e9 \u00e0 Mohamed Chaib Akhdim, premier d\u00e9put\u00e9 d\u2019origine marocaine si\u00e9geant au Parlement espagnol, tandis que la militante Hafida Bachir, connue pour son engagement en faveur de la d\u00e9fense de la cause f\u00e9minine et plus particuli\u00e8rement des droits des femmes issues de l\u2019immigration, a \u00e9t\u00e9 prim\u00e9e dans la cat\u00e9gorie \u00ab\u00a0Soci\u00e9t\u00e9 civile et Droits de l\u2019Homme\u00a0\u00bb.<\/p>\n<p>Dans la cat\u00e9gorie \u00ab\u00a0Sport\u00a0\u00bb, le prix est revenu au boxeur Nordine Oubaali, qui a remport\u00e9, en janvier dernier \u00e0 Las Vegas, le titre tant convoit\u00e9 de la WBC des poids coq, alors que le biologiste et directeur de recherche CNRS \u00e0 l\u2019Institut de biologie du d\u00e9veloppement de Marseille (IBDM), Aziz Moqrich, s\u2019est vu attribuer cette distinction dans la cat\u00e9gorie \u00ab\u00a0Recherche scientifique\u00a0\u00bb.<\/p>\n<p>Par ailleurs, le jury a d\u00e9cid\u00e9 de d\u00e9cerner des prix sp\u00e9ciaux, respectivement dans les cat\u00e9gories \u00ab\u00a0Entreprise\u00a0\u00bb et \u00ab\u00a0Sport\u00a0\u00bb, \u00e0 l\u2019entrepreneure Rahma El Mouden et \u00e0 la ju-jitsuka, septuple championne du monde, Amal Amjahid.<\/p>\n<p>Lors de cette c\u00e9r\u00e9monie, rehauss\u00e9e par la pr\u00e9sence du Secr\u00e9taire g\u00e9n\u00e9ral du Conseil de la Communaut\u00e9 Marocaine \u00e0 l\u2019\u00e9tranger (CCME), M. Abdallah Boussouf, et de personnalit\u00e9s issues de divers horizons, venues du Maroc, de France, d\u2019Espagne, de Belgique, d\u2019Allemagne, des Pays-Bas, des Etats-Unis et des Emirats Arabes Unis, le directeur de publication de \u00ab\u00a0Bled Magazine\u00a0\u00bb et initiateur de l\u2019\u00e9v\u00e9nement, M. Amine Saad, a indiqu\u00e9 que cette manifestation se veut avant tout \u00ab\u00a0un moment d\u2019intenses partages entre deux communaut\u00e9s, celles d\u2019ici et d\u2019ailleurs\u00a0\u00bb.<\/p>\n<p>Il a soulign\u00e9 que \u00ab\u00a0Troph\u00e9es Marocains du Monde\u00a0\u00bb (TMM) repr\u00e9sente \u00ab\u00a0un hommage \u00e0 des hommes et \u00e0 des femmes issus de l\u2019immigration qui repr\u00e9sentent des mod\u00e8les d\u2019int\u00e9gration, \u00e0 la fois pour les pays d\u2019accueil et pour le pays d\u2019origine, le Maroc\u00a0\u00bb.<\/p>\n<p>M. Amine a ajout\u00e9 que TMM \u00ab\u00a0est n\u00e9 de la volont\u00e9 de BM Magazine de contribuer \u00e0 apporter un nouveau regard sur l\u2019immigration, en contrecarrant l\u2019image souvent malmen\u00e9e de cette diaspora par les m\u00e9dias, occidentaux en particulier\u00a0\u00bb.<\/p>\n<p>\u00ab\u00a0Notre souhait est \u00e9galement de cr\u00e9er une plateforme d\u2019\u00e9change entre les comp\u00e9tences d\u2019ailleurs et le Maroc, parce que le Royaume, leur pays d\u2019origine, a besoin de ces talents, v\u00e9ritables richesses \u00e0 travers le monde\u00a0\u00bb, a-t-il soutenu.<\/p>\n<p>Cette soir\u00e9e, ponctu\u00e9e de morceaux de musique, a \u00e9t\u00e9 aussi marqu\u00e9e par un vibrant hommage rendu \u00e0 Mme Fadila Laanan, secr\u00e9taire d\u2019Etat \u00e0 la R\u00e9gion de Bruxelles-Capitale et ministre pr\u00e9sidente du Coll\u00e8ge de la commission communautaire fran\u00e7aise, ainsi qu\u2019\u00e0 la premi\u00e8re g\u00e9n\u00e9ration d\u2019immigr\u00e9s, qui sont \u00ab\u00a0partis chercher une vie meilleure pour leurs enfants, devenus aujourd\u2019hui des ministres, hommes d\u2019affaires, illustres artistes ou grands sportifs\u00a0\u00bb.<\/p>\n<p>A noter qu\u2019une table-ronde a \u00e9t\u00e9 organis\u00e9e, dans le cadre de la 3\u00e8 \u00e9dition des Troph\u00e9es Marocains du Monde, autour de la th\u00e9matique \u00ab\u00a0les centres culturels marocains \u00e0 l\u2019\u00e9tranger: d\u00e9fis d\u2019un projet en gestation\u00a0\u00bb, au cours de laquelle les participants ont plaid\u00e9 en faveur d\u2019une v\u00e9ritable approche participative, fond\u00e9e notamment sur un bon management de l\u2019offre culturelle d\u00e9di\u00e9e aux Marocains du Monde.<\/p>\n<\/div>\n<p>Auteur: Meriem IGASS<br \/>\n<a href=\"http:\/\/www.mapmarrakech.ma\/fr\/3e-edition-des-trophees-marocains-du-monde-des-mre-primes-a-marrakech\/\">Cliquez ici pour lire l&rsquo;article depuis sa source.<\/a><\/p>\n","protected":false},"excerpt":{"rendered":"<p>Marrakech- Une brochette de Marocains de la diaspora, qui se sont brillamment distingu\u00e9s dans leurs domaines d\u2019activit\u00e9 respectifs, ont \u00e9t\u00e9 prim\u00e9s, r\u00e9cemment \u00e0 Marrakech, \u00e0 l\u2019occasion de la troisi\u00e8me \u00e9dition des Troph\u00e9es Marocains du Monde (TMM). Organis\u00e9 \u00e0 l\u2019initiative de \u00ab\u00a0Bled Magazine\u00a0\u00bb (BM), cet \u00e9v\u00e9nement vise \u00e0 mettre en lumi\u00e8re les parcours exceptionnels des membres [&hellip;]<\/p>\n","protected":false},"author":1788,"featured_media":0,"comment_status":"closed","ping_status":"closed","sticky":false,"template":"","format":"standard","meta":{"fifu_image_url":"","fifu_image_alt":"","footnotes":""},"categories":[54,76],"tags":[],"class_list":["post-26778","post","type-post","status-publish","format-standard","hentry","category-maroc","category-regions"],"_links":{"self":[{"href":"https:\/\/linitiative.ca\/International\/wp-json\/wp\/v2\/posts\/26778","targetHints":{"allow":["GET"]}}],"collection":[{"href":"https:\/\/linitiative.ca\/International\/wp-json\/wp\/v2\/posts"}],"about":[{"href":"https:\/\/linitiative.ca\/International\/wp-json\/wp\/v2\/types\/post"}],"author":[{"embeddable":true,"href":"https:\/\/linitiative.ca\/International\/wp-json\/wp\/v2\/users\/1788"}],"replies":[{"embeddable":true,"href":"https:\/\/linitiative.ca\/International\/wp-json\/wp\/v2\/comments?post=26778"}],"version-history":[{"count":0,"href":"https:\/\/linitiative.ca\/International\/wp-json\/wp\/v2\/posts\/26778\/revisions"}],"wp:attachment":[{"href":"https:\/\/linitiative.ca\/International\/wp-json\/wp\/v2\/media?parent=26778"}],"wp:term":[{"taxonomy":"category","embeddable":true,"href":"https:\/\/linitiative.ca\/International\/wp-json\/wp\/v2\/categories?post=26778"},{"taxonomy":"post_tag","embeddable":true,"href":"https:\/\/linitiative.ca\/International\/wp-json\/wp\/v2\/tags?post=26778"}],"curies":[{"name":"wp","href":"https:\/\/api.w.org\/{rel}","templated":true}]}}