{"id":26802,"date":"2019-04-08T18:02:34","date_gmt":"2019-04-08T22:02:34","guid":{"rendered":"https:\/\/linitiative.ca\/International\/tour-international-cycliste-du-maroc-2019-litalien-stefano-remporte-la-quatrieme-etape-evrard-garde-le-maillot-jaune\/"},"modified":"2019-04-08T18:02:34","modified_gmt":"2019-04-08T22:02:34","slug":"tour-international-cycliste-du-maroc-2019-litalien-stefano-remporte-la-quatrieme-etape-evrard-garde-le-maillot-jaune","status":"publish","type":"post","link":"https:\/\/linitiative.ca\/International\/tour-international-cycliste-du-maroc-2019-litalien-stefano-remporte-la-quatrieme-etape-evrard-garde-le-maillot-jaune\/","title":{"rendered":"Tour international cycliste du Maroc-2019: L\u2019Italien Stefano remporte la quatri\u00e8me \u00e9tape, Evrard garde le maillot jaune"},"content":{"rendered":"<div class=\"single-featured\"><img alt=\"\" data-src=\"http:\/\/www.mapoujda.ma\/map\/uploads\/2019\/04\/\u0627\u0644\u062f\u0631\u0627\u062c-\u0627\u0644\u0625\u064a\u0637\u0627\u0644\u064a-\u062c\u0627\u0646\u062f\u064a\u0646-\u0633\u062a\u064a\u0641\u0627\u0646\u0648.jpg\"\/><\/div>\n<div class=\"single-post-excerpt post-excerpt-bc\" readability=\"37\">\n<p>L\u2019Italien Gandin Stefano a remport\u00e9 lundi la 4\u00e8me \u00e9tape du Tour international cycliste du Maroc, reliant Al Hoceima et Nador (128km), tandis que le Belge Laurent Evrard, garde jalousement le maillot jaune en tant que leader du classement g\u00e9n\u00e9ral.<\/p>\n<\/div>\n<div class=\"entry-content clearfix single-post-content\" readability=\"64\">\n<p>Stefano, qui joue pour l\u2019\u00e9quipe italienne de \u00ab\u00a0Gallina Colosio Eurofeed\u00a0\u00bb, a parcouru l\u2019\u00e9tape en 2h56min22sec, apr\u00e8s un sprint final face au Fran\u00e7ais Gaillard Marlon de l\u2019\u00e9quipe \u00ab\u00a0Vend\u00e9e U Pays de la Loire\u00a0\u00bb. L\u2019Australien Volkers de l\u2019\u00e9quipe su\u00e9doise \u00ab\u00a0Memil Pro Cycling\u00a0\u00bb a \u00e9t\u00e9 class\u00e9 troisi\u00e8me avec 2h56min24sec.<\/p>\n<p>Organis\u00e9 du 05 au 14 avril sous le Haut Patronage de SM le Roi Mohammed VI, le TMC-2019 conna\u00eet la participation de 106 cyclistes et 18 \u00e9quipes repr\u00e9sentant notamment la Tunisie, l\u2019Alg\u00e9rie, l\u2019Afrique du Sud, la Norv\u00e8ge, la Turquie, l\u2019Italie, la France, l\u2019Espagne, les Pays-Bas, l\u2019Allemagne, la Su\u00e8de, la Hongrie, la Russie, la R\u00e9publique dominicaine et la Belgique.<\/p>\n<p>Les participants vont faire un parcours r\u00e9parti sur 10 \u00e9tapes, la 9\u00e8me \u00e9tant la plus longue (188.5 km reliant B\u00e9ni Mellal \u00e0 Marrakech).<\/p>\n<p>Le TMC est une comp\u00e9tition inscrite au calendrier de l\u2019UCI Africa Tour en cat\u00e9gorie 2.2. La premi\u00e8re \u00e9dition prit le d\u00e9part en 1937 et fut remport\u00e9e par l\u2019Espagnol Mariano Canardo.<\/p>\n<\/div>\n<p>Auteur: Soufiane ELAHMAR<br \/>\n<a href=\"http:\/\/www.mapoujda.ma\/fr\/tour-international-cycliste-du-maroc-2019-litalien-stefano-remporte-la-quatrieme-etape-evrard-garde-le-maillot-jaune\/\">Cliquez ici pour lire l&rsquo;article depuis sa source.<\/a><\/p>\n","protected":false},"excerpt":{"rendered":"<p>L\u2019Italien Gandin Stefano a remport\u00e9 lundi la 4\u00e8me \u00e9tape du Tour international cycliste du Maroc, reliant Al Hoceima et Nador (128km), tandis que le Belge Laurent Evrard, garde jalousement le maillot jaune en tant que leader du classement g\u00e9n\u00e9ral. Stefano, qui joue pour l\u2019\u00e9quipe italienne de \u00ab\u00a0Gallina Colosio Eurofeed\u00a0\u00bb, a parcouru l\u2019\u00e9tape en 2h56min22sec, apr\u00e8s [&hellip;]<\/p>\n","protected":false},"author":1788,"featured_media":26803,"comment_status":"closed","ping_status":"closed","sticky":false,"template":"","format":"standard","meta":{"fifu_image_url":"","fifu_image_alt":"","footnotes":""},"categories":[54,76],"tags":[],"class_list":["post-26802","post","type-post","status-publish","format-standard","has-post-thumbnail","hentry","category-maroc","category-regions"],"_links":{"self":[{"href":"https:\/\/linitiative.ca\/International\/wp-json\/wp\/v2\/posts\/26802","targetHints":{"allow":["GET"]}}],"collection":[{"href":"https:\/\/linitiative.ca\/International\/wp-json\/wp\/v2\/posts"}],"about":[{"href":"https:\/\/linitiative.ca\/International\/wp-json\/wp\/v2\/types\/post"}],"author":[{"embeddable":true,"href":"https:\/\/linitiative.ca\/International\/wp-json\/wp\/v2\/users\/1788"}],"replies":[{"embeddable":true,"href":"https:\/\/linitiative.ca\/International\/wp-json\/wp\/v2\/comments?post=26802"}],"version-history":[{"count":0,"href":"https:\/\/linitiative.ca\/International\/wp-json\/wp\/v2\/posts\/26802\/revisions"}],"wp:featuredmedia":[{"embeddable":true,"href":"https:\/\/linitiative.ca\/International\/wp-json\/"}],"wp:attachment":[{"href":"https:\/\/linitiative.ca\/International\/wp-json\/wp\/v2\/media?parent=26802"}],"wp:term":[{"taxonomy":"category","embeddable":true,"href":"https:\/\/linitiative.ca\/International\/wp-json\/wp\/v2\/categories?post=26802"},{"taxonomy":"post_tag","embeddable":true,"href":"https:\/\/linitiative.ca\/International\/wp-json\/wp\/v2\/tags?post=26802"}],"curies":[{"name":"wp","href":"https:\/\/api.w.org\/{rel}","templated":true}]}}