{"id":26824,"date":"2019-04-09T15:14:07","date_gmt":"2019-04-09T19:14:07","guid":{"rendered":"https:\/\/linitiative.ca\/International\/ligue-1-2-mca-bourdim-je-nai-pas-lintention-de-partir-je-suis-meme-pret-a-prolonger-pour-3-ans\/"},"modified":"2019-04-09T15:14:07","modified_gmt":"2019-04-09T19:14:07","slug":"ligue-1-2-mca-bourdim-je-nai-pas-lintention-de-partir-je-suis-meme-pret-a-prolonger-pour-3-ans","status":"publish","type":"post","link":"https:\/\/linitiative.ca\/International\/ligue-1-2-mca-bourdim-je-nai-pas-lintention-de-partir-je-suis-meme-pret-a-prolonger-pour-3-ans\/","title":{"rendered":"Ligue 1 &amp; 2 : MCA &#8211; Bourdim: \u00abJe n\u2019ai pas l\u2019intention de partir, je suis m\u00eame pr\u00eat \u00e0 prolonger pour 3 ans\u00bb"},"content":{"rendered":"<div readability=\"32\">\n<p>Auteur : <span>M. L.<\/span> <span class=\"time\">mardi 09 avril 2019 10:39<\/span><\/p>\n<\/div>\n<div id=\"post_core\" readability=\"114\">\n<p>Amar Bourdim personnifie la frustration par excellence. Incapable d\u2019afficher le niveau qui \u00e9tait le sien \u00e0 la JSS, Bourdim a souvent opt\u00e9 pour le silence radio face aux nombreuses critiques. Fait rarissime, le strat\u00e8ge mouloud\u00e9en a accord\u00e9 un long entretien \u00e0 El Heddaf TV dans lequel il \u00e9voque sa situation et celle de son \u00e9quipe. Amar parle aussi de ses frustrations et de son avenir au club qu\u2019il veut voir inscrit dans la dur\u00e9e.\u00a0\u00a0 \u00a0<\/p>\n<p><strong>Comment est l\u2019ambiance au sein de l\u2019\u00e9quipe, apr\u00e8s la d\u00e9faite contre le NAHD ?<\/strong><br \/>Je peux vous dire que personne ne s\u2019attendait \u00e0 cette d\u00e9faite face au NAHD. On \u00e9tait dans une bonne spirale, apr\u00e8s notre succ\u00e8s contre l\u2019USMA. On s\u2019est rendus au 20-Ao\u00fbt avec l\u2019intention de gagner et se rapprocher encore plus du trio de t\u00eate, mais voil\u00e0 qu\u2019on perd ce derby.<br \/><strong>Comment se d\u00e9roule la pr\u00e9paration de la rencontre de ce mardi face au MCO ?<\/strong><br \/>Apr\u00e8s la d\u00e9faite face au NAHD, le groupe a \u00e9t\u00e9 tr\u00e8s affect\u00e9. Il a fallu un gros travail du staff technique sur le plan psychologique pour remettre l\u2019\u00e9quipe en ordre de bataille. Certes, il y a de nombreux bless\u00e9s mais ceux qui sont disponibles veulent tous jouer pour redresser la barre. Le groupe est plus que jamais motiv\u00e9 pour se relancer \u00e0 nouveau dans la course au podium.<br \/><strong>Ne pensez-vous pas que les trois points du match face au MCO sont plus que jamais tr\u00e8s pr\u00e9cieux surtout apr\u00e8s les d\u00e9faites des \u00e9quipes de t\u00eate ?<\/strong><br \/>C\u2019est vrai que la d\u00e9faite du Paradou \u00e0 Bordj a relanc\u00e9 les d\u00e9bats. Maintenant, il suffit qu\u2019on gagne pour revenir \u00e0 un petit point du podium.<br \/><strong>Malheureusement, vous allez aborder ce match avec plusieurs d\u00e9fections et pas les moindres\u2026<\/strong><br \/>C\u2019est vrai que se passer des services de Bendebka, Benaldjia, Hachoud et Derrardja, qui sont des valeurs s\u00fbres, p\u00e9nalise l\u2019\u00e9quipe. Mais d\u2019autre part, cela motive les autres joueurs qui auront \u00e0 c\u0153ur de prouver qu\u2019ils m\u00e9ritent de d\u00e9fendre les couleurs du club.<br \/><strong>Vous \u00eates parmi les joueurs pressentis pour remplacer les bless\u00e9s. Est-ce que vous \u00eates pr\u00eat \u00e0 relever le d\u00e9fi ?<\/strong><br \/>Je suis un professionnel. Je dois \u00eatre apte \u00e0 chaque fois qu\u2019on fait appel \u00e0 ses services. Et m\u00eame lorsque je ne joue pas, j\u2019accepte avec sportivit\u00e9 les d\u00e9cisions du coach. Cela a \u00e9t\u00e9 le cas avec Casoni, Amrouche et maintenant Mekhazni. J\u2019esp\u00e8re saisir cette opportunit\u00e9 pour r\u00e9aliser un gros match.<br \/><strong>D\u2019autant plus que ce match se d\u00e9roulera au stade du 5-Juille\u2026<\/strong><br \/>C\u2019est vrai que le stade du 5-Juillet convient aux joueurs tr\u00e8s techniques. J\u2019esp\u00e8re \u00eatre dans un grand jour. Mais ce qui compte, ce sont les trois points de la victoire qui nous permettront de rester dans la course au podium.<br \/><strong>Vous \u00eates parmi les joueurs qui \u00e9taient tr\u00e8s heureux de la nomination de Mekhazni \u00e0 la t\u00eate de l\u2019\u00e9quipe\u2026<\/strong><br \/>Mekhazni est connu de tout le monde. Il est r\u00e9put\u00e9 pour ses comp\u00e9tences et pour \u00eatre un coach juste qui ne l\u00e8se personne. Et croyez- moi, s\u2019il me demande de monter en tribune pour suivre le match, je le ferai car je le connais bien.<br \/><strong>Quand ont commenc\u00e9 vos relations avec Mekhazni ?<\/strong><br \/>C\u2019est Mekhazni qui m\u2019a d\u00e9couvert lorsque j\u2019\u00e9tais chez les jeunes \u00e0 l\u2019ESS. C\u2019est lui qui m\u2019a ramen\u00e9 \u00e0 l\u2019USMA. C\u2019est aussi lui qui m\u2019a conseill\u00e9 de venir au Mouloudia, apr\u00e8s avoir pris la d\u00e9cision de quitter Saoura. Je ne regrette pas d\u2019avoir rejoint l\u2019USMA car il y avait de bons jeunes qui m\u2019ont permis de progresser.<br \/><strong>Pourrions-nous conna\u00eetre la diff\u00e9rence entre Mekhazni et les autres entra\u00eeneurs qui ont driv\u00e9 le Mouloudia ?<\/strong><br \/>Mekhazni est tr\u00e8s proche des joueurs. Il sait communiquer et transmettre son message aux joueurs. Avec lui, on a envie de venir \u00e0 l\u2019entra\u00eenement pour bosser. Sous sa coupe, on a le sentiment d\u2019\u00eatre le meilleur joueur du monde (un long sourire). Il est aussi intransigeant avec la discipline de groupe. Il n\u2019accepte pas l\u2019absent\u00e9isme et pr\u00f4ne le s\u00e9rieux \u00e0 l\u2019entra\u00eenement.<br \/><strong>Etes-vous conscient que le podium serait synonyme de maintien de Mekhazni \u00e0 la t\u00eate de la barre technique de l\u2019\u00e9quipe la saison prochaine ?<\/strong><br \/>Sinc\u00e8rement, on ne m\u00e9ritait l\u2019\u00e9limination en Coupe arabe, en Coupe d\u2019Alg\u00e9rie et la Ligue des champions. A pr\u00e9sent, tout le monde a adh\u00e9r\u00e9 \u00e0 la philosophie de Mekhazni et on va tout faire pour terminer la saison sur le podium et, pourquoi pas, assister au maintien de Mekhazni \u00e0 la t\u00eate de la barre technique de l\u2019\u00e9quipe.<br \/><strong>Evoquant votre niveau de jeu depuis votre venu au club, est-ce que le boucan m\u00e9diatique qui accompagn\u00e9 votre transfert \u00e0 eu des r\u00e9percussions sur votre rendement ?<\/strong><br \/>Oui, on peut dire que le boucan m\u00e9diatique a eu des r\u00e9percussions n\u00e9gatives sur moi. Les supporters du Mouloudia attendaient beaucoup de moi. Ils \u00e9taient tr\u00e8s heureux lorsque j\u2019ai sign\u00e9 au Mouloudia. Mais je n\u2019ai pas \u00e9t\u00e9 \u00e0 la hauteur, surtout sur le plan psychologique. Je profite de l\u2019occasion pour s\u2019excuser aupr\u00e8s des Chnaoua. On m\u2019a dit qu\u2019il ya eu plusieurs grands noms qui ne se sont pas adapt\u00e9s au Mouloudia lors de leur premi\u00e8re saison au club. Il faut savoir que je me donne \u00e0 fond \u00e0 l\u2019entra\u00eenement et sur le terrain. Je ne suis pas un joueur \u00e0 probl\u00e8mes. J\u2019esp\u00e8re, inch\u2019Allah, apporter bient\u00f4t un plus \u00e0 l\u2019\u00e9quipe.<br \/><strong>Vous avez m\u00eame pens\u00e9 \u00e0 quitter le club, apr\u00e8s tous vos d\u00e9boires, non ?<\/strong><br \/>J\u2019ai encore une saison de contrat. Et m\u00eame si je ne suis pas satisfait de mon rendement, je n\u2019ai jamais pens\u00e9 \u00e0 quitter le club. Tout ce qui a \u00e9t\u00e9 dit ou \u00e9crit n\u2019est que sp\u00e9culation. Je profite de l\u2019occasion pour dire que j\u2019entends aller au terme de mon contrat pour r\u00e9pondre aux attentes des supporters et des dirigeants.<br \/><strong>Comment expliquez-vous vos d\u00e9buts difficiles ?<\/strong><br \/>Tout le monde dit que ce n\u2019est pas facile de jouer dans un grand club comme le Mouloudia. Il te faut une forte personnalit\u00e9. Lorsque je suis venu, l\u2019\u00e9quipe avait une philosophie, et moi je ne jouais pas beaucoup. C\u2019est aussi cela qui m\u2019a un peu agac\u00e9. Et puis, il y avait une tr\u00e8s forte pression qui m\u2019a fait perdre mes moyens et mon football.<br \/><strong>Le penalty manqu\u00e9 face \u00e0 Al Merreikh en Coupe arabe, au stade du 5-Juillet, a donn\u00e9 une courbe n\u00e9gative \u00e0 votre parcours au club\u2026<\/strong><br \/>Je veux justement apporter des pr\u00e9cisions \u00e0 ce propos. Il faut savoir que ce n\u2019est pas moi qui ai voulu tirer. C\u2019est le staff technique qui m\u2019a d\u00e9sign\u00e9 premier tireur. Et lorsqu\u2019on a obtenu un penalty, j\u2019ai pris mes responsabilit\u00e9s, mais la chance n\u2019\u00e9tait pas de mon c\u00f4t\u00e9. Certes, ce penalty manqu\u00e9 a \u00e9t\u00e9 un tournant, m\u00eame si on aurait pu mettre d\u2019autres buts durant ce match au 5-Juillet. C\u2019est pour cela qu\u2019on m\u2019accuse d\u2019\u00eatre le principal coupable de cette \u00e9limination de la Coupe arabe. C\u2019est une question de destin. Si j\u2019ex\u00e9cute mille fois ce penalty, je le marquerai mille fois.<br \/><strong>Des proches ont fait \u00e9tat d\u2019une d\u00e9t\u00e9rioration de vos rapports avec Amrouche depuis ce ratage. Le confirmez-vous ?<\/strong><br \/>Ce qui s\u2019est pass\u00e9, c\u2019est du pass\u00e9. Je ne veux pas ressasser tout cela. Mais je peux vous assurer que je n\u2019ai aucune rancune envers Amrouche que je respecte beaucoup. J\u2019ai beaucoup appris sous sa coupe, comme il y avait des choses n\u00e9gatives. Je profite de l\u2019occasion pour souhaiter bonne chance \u00e0 Amrouche dans la suite de sa carri\u00e8re.<br \/><strong>Mais depuis le match aller face \u00e0 El Merreikh, vous avez \u00e9t\u00e9 rel\u00e9gu\u00e9 sur le banc\u2026<\/strong><br \/>M\u00eame moi, je n\u2019\u00e9tais pas bien psychologiquement car je me suis mis dans la t\u00eate que j\u2019\u00e9tais coupable de l\u2019\u00e9limination de mon \u00e9quipe de la Coupe arabe. Mais depuis la venue de Mekhazni, j\u2019ai chang\u00e9 de philosophie et je veux rendre heureux les supporters et la direction du club.<br \/><strong>Qu\u2019avez-vous \u00e0 dire sur les clubs solliciteurs qui ont voulu profiter de l\u2019occasion pour s\u2019attacher vos services ? \u00a0<\/strong><br \/>C\u2019est vrai, j\u2019ai eu plusieurs sollicitations qui sont parvenues \u00e0 mon agent. Mais je n\u2019ai jamais donn\u00e9 de suite car j\u2019ai un contrat avec le Mouloudia et j\u2019ai pris la d\u00e9cision de poursuivre l\u2019aventure avec mon club. Tout joueur r\u00eave de jouer dans un club comme le Mouloudia. Ce qui me perturbe, c\u2019est le fait de ne pas avoir pu donner ce qu\u2019on attendait de moi. Inch\u2019Allah, \u00e7a va changer. Et je ferai tout pour \u00eatre tr\u00e8s performant. Je veux que le club tire profit de mon savoir-faire, techniquement parlant, et m\u00eame sur le plan financier, en cas de d\u00e9part vers l\u2019\u00e9tranger.<br \/><strong>C&rsquo;est-\u00e0-dire\u2026<\/strong><br \/>La mani\u00e8re avec laquelle mon transfert s\u2019est mat\u00e9rialis\u00e9 a eu un impact n\u00e9gatif sur moi. Mais je sais que je ne suis pas \u00e0 la hauteur de toutes les attentes et cela me met tr\u00e8s mal \u00e0 l\u2019aise. C\u2019est aussi pour cela que je veux rester pour me racheter. Je suis m\u00eame pr\u00eat \u00e0 prolonger pour trois autres saisons. Je veux terminer la saison en force, pour permettre au club de tirer profit financi\u00e8rement, au cas o\u00f9 on voudrait me vendre \u00e0 un club \u00e9tranger.<br \/><strong>Quel est votre meilleur souvenir avec l\u2019\u00e9quipe depuis le d\u00e9but de la saison ?<\/strong><br \/>C\u2019est vrai que j\u2019\u00e9tais pr\u00e9sent lors du match aller face \u00e0 l\u2019USMA comme titulaire mais le match qui m\u2019a marqu\u00e9, c\u2019est le match retour. J\u2019\u00e9tais rempla\u00e7ant mais j\u2019\u00e9tais s\u00e9duit par le jeu propos\u00e9 par mes partenaires et le grand match r\u00e9alis\u00e9 par Benaldjia. Apr\u00e8s ce succ\u00e8s, la s\u00e9r\u00e9nit\u00e9 \u00e9tait de retour dans le groupe. Mais il a suffi d\u2019une d\u00e9faite pour qu\u2019on retourne \u00e0 la case d\u00e9part.<br \/><strong>Que manque t-il \u00e0 votre \u00e9quipe pour se produire avec le m\u00eame \u00e9tat d\u2019esprit ?<\/strong><br \/>Je jure devant Dieu que personne ne triche. On se donne \u00e0 fond \u00e0 chaque match. Parfois, la r\u00e9ussite n\u2019est pas au rendez-vous et parfois on perd parce qu\u2019on n\u2019a pas \u00e9t\u00e9 tr\u00e8s performants. D\u2019autres fois, on passe \u00e0 c\u00f4t\u00e9 de notre sujet. Mais jamais au grand jamais, on joue sans mouiller le maillot.<br \/><strong>Porter le maillot num\u00e9ro 10 au Mouloudia p\u00e8se-t-il lourd sur vos \u00e9paules ?<\/strong><br \/>Je le confirme, ce num\u00e9ro est tr\u00e8s lourd \u00e0 porter. Il y a eu avant moi des joueurs comme Aouedj, Mansouri et El Moueden qui n\u2019ont pas brill\u00e9 avec ce num\u00e9ro. Personnellement, je n\u2019ai jamais choisi ce num\u00e9ro. C\u2019est au moment de la signature qu\u2019on m\u2019a apport\u00e9 le maillot floqu\u00e9 du num\u00e9ro 10. A ce moment-l\u00e0, la pression commen\u00e7ait \u00e0 monter avec une tr\u00e8s grande responsabilit\u00e9. Et avec l\u2019\u00e9limination de la Ligue des champions, le poids de ce num\u00e9ro a fini par avoir raison de moi.<br \/><strong>Votre message aux Chnaoua, avant le match face au Mouloudia d\u2019Oran ?<\/strong><br \/>On sait que nos supporters sont tr\u00e8s en col\u00e8re. Normalement, les Chnaoua doivent c\u00e9l\u00e9brer chaque saison un titre ou un troph\u00e9e. On va se battre avec les tripes pour tenter de d\u00e9crocher une place sur le podium et, pourquoi pas, une place qualificative \u00e0 la C1.<\/p>\n<p><strong>Publi\u00e9 dans :<\/strong> <span>mca<\/span> <span>Bourdim<\/span><\/p>\n<\/div>\n<p>Auteur:<br \/>\n<a href=\"http:\/\/www.lebuteur.com\/article\/detail?titre=mca-bourdim-je-nai-pas-lintention-de-partir-je-suis-meme-pret-a-prolonger-pour-3-ans&#038;id=87836&#038;utm_source=feedburner&#038;utm_medium=feed&#038;utm_campaign=Feed%3A+GalerieFArtciles+%28Les+derniers+articles++-+lebuteur.com%29\">Cliquez ici pour lire l&rsquo;article depuis sa source.<\/a><\/p>\n","protected":false},"excerpt":{"rendered":"<p>Auteur : M. L. mardi 09 avril 2019 10:39 Amar Bourdim personnifie la frustration par excellence. Incapable d\u2019afficher le niveau qui \u00e9tait le sien \u00e0 la JSS, Bourdim a souvent opt\u00e9 pour le silence radio face aux nombreuses critiques. Fait rarissime, le strat\u00e8ge mouloud\u00e9en a accord\u00e9 un long entretien \u00e0 El Heddaf TV dans lequel [&hellip;]<\/p>\n","protected":false},"author":1738,"featured_media":26825,"comment_status":"closed","ping_status":"closed","sticky":false,"template":"","format":"standard","meta":{"fifu_image_url":"","fifu_image_alt":"","footnotes":""},"categories":[53,75],"tags":[],"class_list":["post-26824","post","type-post","status-publish","format-standard","has-post-thumbnail","hentry","category-algerie","category-sport"],"_links":{"self":[{"href":"https:\/\/linitiative.ca\/International\/wp-json\/wp\/v2\/posts\/26824","targetHints":{"allow":["GET"]}}],"collection":[{"href":"https:\/\/linitiative.ca\/International\/wp-json\/wp\/v2\/posts"}],"about":[{"href":"https:\/\/linitiative.ca\/International\/wp-json\/wp\/v2\/types\/post"}],"author":[{"embeddable":true,"href":"https:\/\/linitiative.ca\/International\/wp-json\/wp\/v2\/users\/1738"}],"replies":[{"embeddable":true,"href":"https:\/\/linitiative.ca\/International\/wp-json\/wp\/v2\/comments?post=26824"}],"version-history":[{"count":0,"href":"https:\/\/linitiative.ca\/International\/wp-json\/wp\/v2\/posts\/26824\/revisions"}],"wp:featuredmedia":[{"embeddable":true,"href":"https:\/\/linitiative.ca\/International\/wp-json\/"}],"wp:attachment":[{"href":"https:\/\/linitiative.ca\/International\/wp-json\/wp\/v2\/media?parent=26824"}],"wp:term":[{"taxonomy":"category","embeddable":true,"href":"https:\/\/linitiative.ca\/International\/wp-json\/wp\/v2\/categories?post=26824"},{"taxonomy":"post_tag","embeddable":true,"href":"https:\/\/linitiative.ca\/International\/wp-json\/wp\/v2\/tags?post=26824"}],"curies":[{"name":"wp","href":"https:\/\/api.w.org\/{rel}","templated":true}]}}