{"id":26826,"date":"2019-04-09T15:14:12","date_gmt":"2019-04-09T19:14:12","guid":{"rendered":"https:\/\/linitiative.ca\/International\/ligue-1-2-mc0-boudebouda-ce-ne-sera-pas-un-match-special\/"},"modified":"2019-04-09T15:14:12","modified_gmt":"2019-04-09T19:14:12","slug":"ligue-1-2-mc0-boudebouda-ce-ne-sera-pas-un-match-special","status":"publish","type":"post","link":"https:\/\/linitiative.ca\/International\/ligue-1-2-mc0-boudebouda-ce-ne-sera-pas-un-match-special\/","title":{"rendered":"Ligue 1 &amp; 2 : MC0 &#8211; Boudebouda: \u00abCe ne sera pas un match sp\u00e9cial\u00bb"},"content":{"rendered":"<div readability=\"32\">\n<p>Auteur : <span>Amine L.<\/span> <span class=\"time\">mardi 09 avril 2019 10:39<\/span><\/p>\n<\/div>\n<div id=\"post_core\" readability=\"61\">\n<p>L\u2019un des plus anciens joueurs du MC Alger, Brahim Boudebouda, parle de cette confrontation qui va se jouer dans un contexte particulier pour lui. Il pense que le plus important cet apr\u00e8s-midi est que son \u00e9quipe revienne avec le meilleur r\u00e9sultat possible de ce d\u00e9placement.<br \/><strong>Comment s\u2019est pr\u00e9par\u00e9 le groupe pour le rendez-vous de cet apr\u00e8s-midi ?<\/strong><br \/>J\u2019avoue que la pr\u00e9paration pour ce match s\u2019est d\u00e9roul\u00e9e dans un meilleur \u00e9tat d\u2019esprit par rapport \u00e0 la semaine qui a suivi l\u2019\u00e9limination en Coupe d\u2019Alg\u00e9rie. Le succ\u00e8s r\u00e9alis\u00e9 contre M\u00e9d\u00e9a a eu pour effet de lib\u00e9rer la plupart des joueurs. Aujourd\u2019hui, notre concentration est focalis\u00e9e sur cette fin de championnat afin d\u2019assurer un maintien \u00e0 l\u2019aise.<br \/><strong>Justement, pour cela l\u2019\u00e9quipe va devoir batailler ferme, non ?<\/strong><br \/>Oui, car notre situation est loin d\u2019\u00eatre simple au classement. La victoire contre M\u00e9d\u00e9a nous a permis de souffler un peu puisqu\u2019on a mis quelques \u00e9quipes derri\u00e8re nous au classement. Maintenant, on sait bien qu\u2019il faudra achever le boulot. Cela dit, il faut qu\u2019on encha\u00eene par des r\u00e9sultats positifs en championnat.<br \/><strong>L\u2019\u00e9quipe est appel\u00e9e \u00e0 chercher d\u00e9sormais des points de l\u2019ext\u00e9rieur sachant qu\u2019elle devra encha\u00eener trois matches de suite en dehors de ses bases ?<\/strong><br \/>Il faut qu\u2019on arrive \u00e0 g\u00e9rer cette s\u00e9rie de la meilleure des fa\u00e7ons. Autrement dit, on est condamn\u00e9s \u00e0 chercher des points de l\u2019ext\u00e9rieur. Cela nous permettra de nous approcher du maintien. Croyez-moi, les joueurs n\u2019ont jamais souhait\u00e9 cette situation et veulent faire tout ce qui est en leur pouvoir pour assurer ce maintien le plus t\u00f4t possible et \u00e9viter toute mauvaise surprise.<br \/><strong>Comment se pr\u00e9sente ce match contre le MC Alger ?<\/strong><br \/>Ce sera un match tr\u00e8s disput\u00e9 entre deux \u00e9quipes qui ont besoin de points. Le MCA est bien \u00e9videmment sous pression comme nous car cette \u00e9quipe que je connais bien veut sauver sa fin de saison apr\u00e8s avoir tout g\u00e2ch\u00e9, comme nous. En principe, ce match s\u2019annonce ouvert \u00e0 toutes les \u00e9ventualit\u00e9s. De notre c\u00f4t\u00e9, on va tout faire pour assurer un r\u00e9sultat probant au stade du 5-Juillet.<br \/><strong>Qu\u2019entendez-vous par un r\u00e9sultat probant ?<\/strong><br \/>Il faut d\u2019abord qu\u2019on ne perde pas cette rencontre. Revenir avec le point du match nul sera une belle op\u00e9ration pour nous, arriver \u00e0 rafler les trois points de la victoire, ce serait encore mieux. Mais avant de penser aux r\u00e9sultats de cette confrontation, il faut qu\u2019on soit bien s\u00fbr concentr\u00e9s sur ce match contre le MCA. Je pense que l\u2019occasion est propice pour ramener un r\u00e9sultat positif.<br \/><strong>Vous qui connaissez bien le MCA. Pensez-vous que l\u2019\u00e9quipe va \u00eatre diminu\u00e9e sur le terrain cet apr\u00e8s-midi ?<\/strong><br \/>Oui, je le pense s\u00e9rieusement. Il y a plusieurs joueurs qui seront absents et d\u2019autres qui souffrent de blessure. M\u00eame s\u2019ils jouent, ils seront diminu\u00e9s. Donc, il faut bien profiter de cette occasion. M\u00eame les supporters du MCA ne seront pas si cl\u00e9ments avec leur \u00e9quipe qui a tout rat\u00e9 cette saison et ce n\u2019est pas le fait de jouer pour le podium qui va les calmer.<br \/><strong>Ce match sera sp\u00e9cial pour vous, non ?<\/strong><br \/>Sp\u00e9cial ? Non, dans la mesure o\u00f9 j\u2019ai d\u00e9j\u00e0 affront\u00e9 le MCA en portant les couleurs du rival usmiste. Donc, ce sera vraiment un plaisir pour moi de revenir au stade du 5-Juillet et affronter les anciens \u00e9quipiers. \u00c0 pr\u00e9sent, je porte les couleurs du MCO. Donc, je dois honorer ce maillot et aider mon \u00e9quipe \u00e0 r\u00e9aliser un excellent r\u00e9sultat car on a vraiment besoin de points.<br \/><strong>\u00cates-vous pr\u00eat pour ce match, vous qui avez rat\u00e9 cette rencontre de M\u00e9d\u00e9a pour blessure ?<\/strong><br \/>Je serai pr\u00eat pour cette rencontre car je suis compl\u00e8tement gu\u00e9ri de cette blessure au bas du pied. Maintenant, c\u2019est \u00e0 l\u2019entra\u00eeneur de d\u00e9cider si je serai d\u2019entr\u00e9e ou pas cet apr\u00e8s-midi.<br \/>\u00a0<\/p>\n<\/div>\n<p>Auteur:<br \/>\n<a href=\"http:\/\/www.lebuteur.com\/article\/detail?titre=mc0-boudebouda-ce-ne-sera-pas-un-match-special&#038;id=87835&#038;utm_source=feedburner&#038;utm_medium=feed&#038;utm_campaign=Feed%3A+GalerieFArtciles+%28Les+derniers+articles++-+lebuteur.com%29\">Cliquez ici pour lire l&rsquo;article depuis sa source.<\/a><\/p>\n","protected":false},"excerpt":{"rendered":"<p>Auteur : Amine L. mardi 09 avril 2019 10:39 L\u2019un des plus anciens joueurs du MC Alger, Brahim Boudebouda, parle de cette confrontation qui va se jouer dans un contexte particulier pour lui. Il pense que le plus important cet apr\u00e8s-midi est que son \u00e9quipe revienne avec le meilleur r\u00e9sultat possible de ce d\u00e9placement.Comment s\u2019est [&hellip;]<\/p>\n","protected":false},"author":1738,"featured_media":26827,"comment_status":"closed","ping_status":"closed","sticky":false,"template":"","format":"standard","meta":{"fifu_image_url":"","fifu_image_alt":"","footnotes":""},"categories":[53,75],"tags":[],"class_list":["post-26826","post","type-post","status-publish","format-standard","has-post-thumbnail","hentry","category-algerie","category-sport"],"_links":{"self":[{"href":"https:\/\/linitiative.ca\/International\/wp-json\/wp\/v2\/posts\/26826","targetHints":{"allow":["GET"]}}],"collection":[{"href":"https:\/\/linitiative.ca\/International\/wp-json\/wp\/v2\/posts"}],"about":[{"href":"https:\/\/linitiative.ca\/International\/wp-json\/wp\/v2\/types\/post"}],"author":[{"embeddable":true,"href":"https:\/\/linitiative.ca\/International\/wp-json\/wp\/v2\/users\/1738"}],"replies":[{"embeddable":true,"href":"https:\/\/linitiative.ca\/International\/wp-json\/wp\/v2\/comments?post=26826"}],"version-history":[{"count":0,"href":"https:\/\/linitiative.ca\/International\/wp-json\/wp\/v2\/posts\/26826\/revisions"}],"wp:featuredmedia":[{"embeddable":true,"href":"https:\/\/linitiative.ca\/International\/wp-json\/"}],"wp:attachment":[{"href":"https:\/\/linitiative.ca\/International\/wp-json\/wp\/v2\/media?parent=26826"}],"wp:term":[{"taxonomy":"category","embeddable":true,"href":"https:\/\/linitiative.ca\/International\/wp-json\/wp\/v2\/categories?post=26826"},{"taxonomy":"post_tag","embeddable":true,"href":"https:\/\/linitiative.ca\/International\/wp-json\/wp\/v2\/tags?post=26826"}],"curies":[{"name":"wp","href":"https:\/\/api.w.org\/{rel}","templated":true}]}}