{"id":26834,"date":"2019-04-09T15:14:26","date_gmt":"2019-04-09T19:14:26","guid":{"rendered":"https:\/\/linitiative.ca\/International\/international-le-president-de-la-ligue-espagnole-lance-une-attaque-contre-les-grands-clubs\/"},"modified":"2019-04-09T15:14:26","modified_gmt":"2019-04-09T19:14:26","slug":"international-le-president-de-la-ligue-espagnole-lance-une-attaque-contre-les-grands-clubs","status":"publish","type":"post","link":"https:\/\/linitiative.ca\/International\/international-le-president-de-la-ligue-espagnole-lance-une-attaque-contre-les-grands-clubs\/","title":{"rendered":"International : Le pr\u00e9sident de la Ligue espagnole lance une attaque contre les grands clubs"},"content":{"rendered":"<div readability=\"32\">\n<p>Auteur : <span class=\"time\">mardi 09 avril 2019 13:29<\/span><\/p>\n<\/div>\n<div id=\"post_core\" readability=\"42\">\n<p>De quoi faire sortir de ses gonds le pr\u00e9sident de la Ligue espagnole, Javier Tebas :<\/p>\n<p>\u00ab\u00a0Il s&rsquo;agirait en fait d&rsquo;une nouvelle comp\u00e9tition. Ils l&rsquo;appellent toujours Ligue des Champions mais cela n&rsquo;a plus rien \u00e0 voir. Ceux qui pr\u00e9parent ce projet n&rsquo;ont pas \u00e9tudi\u00e9 les effets qu&rsquo;il aurait sur leur propre entreprise. Cela ressemble \u00e0 une discussion de comptoir qui s&rsquo;est tenue \u00e0 5h du matin. (&#8230;) D&rsquo;ores et d\u00e9j\u00e0, la C1 et la C3 entrent en concurrence avec nos \u00e9preuves domestiques. On cherche \u00e0 diminuer la valeur de nos championnats et de nos coupes pour augmenter celle de certains grands clubs europ\u00e9ens. Ils vont tuer les footballs nationaux ! Et au bout du compte, \u00e7a ne va pas fonctionner, contrairement \u00e0 ce qu&rsquo;ils pensent\u00a0\u00bb, s&rsquo;est insurg\u00e9 Tebas dans L&rsquo;\u00c9quipe et comme le rapporte Maxifoot.<\/p>\n<p><strong>Publi\u00e9 dans :<\/strong> <span>Espagne<\/span><\/p>\n<\/div>\n<p>Auteur:<br \/>\n<a href=\"http:\/\/www.lebuteur.com\/article\/detail?titre=le-president-de-la-ligue-espagnole-lance-une-attaque-contre-les-grands-clubs&#038;id=87855&#038;utm_source=feedburner&#038;utm_medium=feed&#038;utm_campaign=Feed%3A+GalerieFArtciles+%28Les+derniers+articles++-+lebuteur.com%29\">Cliquez ici pour lire l&rsquo;article depuis sa source.<\/a><\/p>\n","protected":false},"excerpt":{"rendered":"<p>Auteur : mardi 09 avril 2019 13:29 De quoi faire sortir de ses gonds le pr\u00e9sident de la Ligue espagnole, Javier Tebas : \u00ab\u00a0Il s&rsquo;agirait en fait d&rsquo;une nouvelle comp\u00e9tition. Ils l&rsquo;appellent toujours Ligue des Champions mais cela n&rsquo;a plus rien \u00e0 voir. Ceux qui pr\u00e9parent ce projet n&rsquo;ont pas \u00e9tudi\u00e9 les effets qu&rsquo;il aurait [&hellip;]<\/p>\n","protected":false},"author":1738,"featured_media":26835,"comment_status":"closed","ping_status":"closed","sticky":false,"template":"","format":"standard","meta":{"fifu_image_url":"","fifu_image_alt":"","footnotes":""},"categories":[53,75],"tags":[],"class_list":["post-26834","post","type-post","status-publish","format-standard","has-post-thumbnail","hentry","category-algerie","category-sport"],"_links":{"self":[{"href":"https:\/\/linitiative.ca\/International\/wp-json\/wp\/v2\/posts\/26834","targetHints":{"allow":["GET"]}}],"collection":[{"href":"https:\/\/linitiative.ca\/International\/wp-json\/wp\/v2\/posts"}],"about":[{"href":"https:\/\/linitiative.ca\/International\/wp-json\/wp\/v2\/types\/post"}],"author":[{"embeddable":true,"href":"https:\/\/linitiative.ca\/International\/wp-json\/wp\/v2\/users\/1738"}],"replies":[{"embeddable":true,"href":"https:\/\/linitiative.ca\/International\/wp-json\/wp\/v2\/comments?post=26834"}],"version-history":[{"count":0,"href":"https:\/\/linitiative.ca\/International\/wp-json\/wp\/v2\/posts\/26834\/revisions"}],"wp:featuredmedia":[{"embeddable":true,"href":"https:\/\/linitiative.ca\/International\/wp-json\/"}],"wp:attachment":[{"href":"https:\/\/linitiative.ca\/International\/wp-json\/wp\/v2\/media?parent=26834"}],"wp:term":[{"taxonomy":"category","embeddable":true,"href":"https:\/\/linitiative.ca\/International\/wp-json\/wp\/v2\/categories?post=26834"},{"taxonomy":"post_tag","embeddable":true,"href":"https:\/\/linitiative.ca\/International\/wp-json\/wp\/v2\/tags?post=26834"}],"curies":[{"name":"wp","href":"https:\/\/api.w.org\/{rel}","templated":true}]}}