{"id":26836,"date":"2019-04-09T15:14:28","date_gmt":"2019-04-09T19:14:28","guid":{"rendered":"https:\/\/linitiative.ca\/International\/international-real-gareth-bale-cest-23-millions-deuros-par-but\/"},"modified":"2019-04-09T15:14:28","modified_gmt":"2019-04-09T19:14:28","slug":"international-real-gareth-bale-cest-23-millions-deuros-par-but","status":"publish","type":"post","link":"https:\/\/linitiative.ca\/International\/international-real-gareth-bale-cest-23-millions-deuros-par-but\/","title":{"rendered":"International : Real : Gareth Bale c&rsquo;est 2,3 millions d&rsquo;euros par but"},"content":{"rendered":"<div readability=\"32\">\n<p>Auteur : <span class=\"time\">mardi 09 avril 2019 13:49<\/span><\/p>\n<\/div>\n<div id=\"post_core\" readability=\"53\">\n<p>Alors que le Real Madrid pr\u00e9pare\u00a0une petite r\u00e9volution sur le march\u00e9 des transferts l&rsquo;\u00e9t\u00e9 prochain, le Gallois est logiquement annonc\u00e9 sur le d\u00e9part. Et il faut dire qu&rsquo;une vente de Gareth Bale permettrait au Real de faire de sacr\u00e9es \u00e9conomies comme le souligne Onzemondial.\u00a0<\/p>\n<p>Le quotidien madril\u00e8ne AS affirme que le co\u00fbt total de Gareth Bale au Real Madrid depuis 2013 s&rsquo;\u00e9l\u00e8ve \u00e0 236 millions d&rsquo;euros. Depuis son arriv\u00e9e au club, le Gallois a inscrit 102 buts ce qui signifie que chaque r\u00e9alisation a co\u00fbt\u00e9 au Real Madrid 2,3 millions d&rsquo;euros. Plus pr\u00e9cis\u00e9ment cette saison, avec 14 buts en 38 matchs, chaque but de l&rsquo;ailier co\u00fbte la bagatelle de 2,8 millions d&rsquo;euros.<\/p>\n<p>\u00c0 l&rsquo;heure o\u00f9 le Real Madrid veut d\u00e9graisser son effectif pour recteur de nouveaux joueurs, le d\u00e9part du Gallois, joueur le mieux pay\u00e9 du club, semble quasiment in\u00e9luctable.\u00a0<\/p>\n<p><strong>Publi\u00e9 dans :<\/strong> <span>real madrid<\/span><\/p>\n<\/div>\n<p>Auteur:<br \/>\n<a href=\"http:\/\/www.lebuteur.com\/article\/detail?titre=real-gareth-bale-cest-2-3-millions-deuros-par-but&#038;id=87856&#038;utm_source=feedburner&#038;utm_medium=feed&#038;utm_campaign=Feed%3A+GalerieFArtciles+%28Les+derniers+articles++-+lebuteur.com%29\">Cliquez ici pour lire l&rsquo;article depuis sa source.<\/a><\/p>\n","protected":false},"excerpt":{"rendered":"<p>Auteur : mardi 09 avril 2019 13:49 Alors que le Real Madrid pr\u00e9pare\u00a0une petite r\u00e9volution sur le march\u00e9 des transferts l&rsquo;\u00e9t\u00e9 prochain, le Gallois est logiquement annonc\u00e9 sur le d\u00e9part. Et il faut dire qu&rsquo;une vente de Gareth Bale permettrait au Real de faire de sacr\u00e9es \u00e9conomies comme le souligne Onzemondial.\u00a0 Le quotidien madril\u00e8ne AS [&hellip;]<\/p>\n","protected":false},"author":1738,"featured_media":26837,"comment_status":"closed","ping_status":"closed","sticky":false,"template":"","format":"standard","meta":{"fifu_image_url":"","fifu_image_alt":"","footnotes":""},"categories":[53,75],"tags":[],"class_list":["post-26836","post","type-post","status-publish","format-standard","has-post-thumbnail","hentry","category-algerie","category-sport"],"_links":{"self":[{"href":"https:\/\/linitiative.ca\/International\/wp-json\/wp\/v2\/posts\/26836","targetHints":{"allow":["GET"]}}],"collection":[{"href":"https:\/\/linitiative.ca\/International\/wp-json\/wp\/v2\/posts"}],"about":[{"href":"https:\/\/linitiative.ca\/International\/wp-json\/wp\/v2\/types\/post"}],"author":[{"embeddable":true,"href":"https:\/\/linitiative.ca\/International\/wp-json\/wp\/v2\/users\/1738"}],"replies":[{"embeddable":true,"href":"https:\/\/linitiative.ca\/International\/wp-json\/wp\/v2\/comments?post=26836"}],"version-history":[{"count":0,"href":"https:\/\/linitiative.ca\/International\/wp-json\/wp\/v2\/posts\/26836\/revisions"}],"wp:featuredmedia":[{"embeddable":true,"href":"https:\/\/linitiative.ca\/International\/wp-json\/"}],"wp:attachment":[{"href":"https:\/\/linitiative.ca\/International\/wp-json\/wp\/v2\/media?parent=26836"}],"wp:term":[{"taxonomy":"category","embeddable":true,"href":"https:\/\/linitiative.ca\/International\/wp-json\/wp\/v2\/categories?post=26836"},{"taxonomy":"post_tag","embeddable":true,"href":"https:\/\/linitiative.ca\/International\/wp-json\/wp\/v2\/tags?post=26836"}],"curies":[{"name":"wp","href":"https:\/\/api.w.org\/{rel}","templated":true}]}}