{"id":26838,"date":"2019-04-09T15:14:30","date_gmt":"2019-04-09T19:14:30","guid":{"rendered":"https:\/\/linitiative.ca\/International\/international-argentine-le-selectionneur-scaloni-renverse-par-une-voiture\/"},"modified":"2019-04-09T15:14:30","modified_gmt":"2019-04-09T19:14:30","slug":"international-argentine-le-selectionneur-scaloni-renverse-par-une-voiture","status":"publish","type":"post","link":"https:\/\/linitiative.ca\/International\/international-argentine-le-selectionneur-scaloni-renverse-par-une-voiture\/","title":{"rendered":"International : Argentine : Le s\u00e9lectionneur Scaloni renvers\u00e9 par une voiture"},"content":{"rendered":"<div readability=\"32\">\n<p>Auteur : <span class=\"time\">mardi 09 avril 2019 14:30<\/span><\/p>\n<\/div>\n<div id=\"post_core\" readability=\"39\">\n<p>Ag\u00e9 de 40 ans, il a \u00e9t\u00e9 transport\u00e9 \u00e0 l\u2019h\u00f4pital le plus proche. Son \u00e9tat n\u2019est pas jug\u00e9 grave et il pourrait \u00eatre capable de quitter l\u2019\u00e9tablissement m\u00e9dical dans la journ\u00e9e. L\u2019accident se serait d\u00e9roul\u00e9 \u00e0 10 heures ce matin, pr\u00e8s d\u2019une \u00e9cole. Le s\u00e9lectionneur aurait heurt\u00e9 le sol avec son visage.<\/p>\n<p><strong>Publi\u00e9 dans :<\/strong> <span>argentine<\/span> <span>Scaloni<\/span><\/p>\n<\/div>\n<p>Auteur:<br \/>\n<a href=\"http:\/\/www.lebuteur.com\/article\/detail?titre=argentine-le-selectionneur-scaloni-renverse-par-une-voiture&#038;id=87857&#038;utm_source=feedburner&#038;utm_medium=feed&#038;utm_campaign=Feed%3A+GalerieFArtciles+%28Les+derniers+articles++-+lebuteur.com%29\">Cliquez ici pour lire l&rsquo;article depuis sa source.<\/a><\/p>\n","protected":false},"excerpt":{"rendered":"<p>Auteur : mardi 09 avril 2019 14:30 Ag\u00e9 de 40 ans, il a \u00e9t\u00e9 transport\u00e9 \u00e0 l\u2019h\u00f4pital le plus proche. Son \u00e9tat n\u2019est pas jug\u00e9 grave et il pourrait \u00eatre capable de quitter l\u2019\u00e9tablissement m\u00e9dical dans la journ\u00e9e. L\u2019accident se serait d\u00e9roul\u00e9 \u00e0 10 heures ce matin, pr\u00e8s d\u2019une \u00e9cole. Le s\u00e9lectionneur aurait heurt\u00e9 le [&hellip;]<\/p>\n","protected":false},"author":1738,"featured_media":26839,"comment_status":"closed","ping_status":"closed","sticky":false,"template":"","format":"standard","meta":{"fifu_image_url":"","fifu_image_alt":"","footnotes":""},"categories":[53,75],"tags":[],"class_list":["post-26838","post","type-post","status-publish","format-standard","has-post-thumbnail","hentry","category-algerie","category-sport"],"_links":{"self":[{"href":"https:\/\/linitiative.ca\/International\/wp-json\/wp\/v2\/posts\/26838","targetHints":{"allow":["GET"]}}],"collection":[{"href":"https:\/\/linitiative.ca\/International\/wp-json\/wp\/v2\/posts"}],"about":[{"href":"https:\/\/linitiative.ca\/International\/wp-json\/wp\/v2\/types\/post"}],"author":[{"embeddable":true,"href":"https:\/\/linitiative.ca\/International\/wp-json\/wp\/v2\/users\/1738"}],"replies":[{"embeddable":true,"href":"https:\/\/linitiative.ca\/International\/wp-json\/wp\/v2\/comments?post=26838"}],"version-history":[{"count":0,"href":"https:\/\/linitiative.ca\/International\/wp-json\/wp\/v2\/posts\/26838\/revisions"}],"wp:featuredmedia":[{"embeddable":true,"href":"https:\/\/linitiative.ca\/International\/wp-json\/"}],"wp:attachment":[{"href":"https:\/\/linitiative.ca\/International\/wp-json\/wp\/v2\/media?parent=26838"}],"wp:term":[{"taxonomy":"category","embeddable":true,"href":"https:\/\/linitiative.ca\/International\/wp-json\/wp\/v2\/categories?post=26838"},{"taxonomy":"post_tag","embeddable":true,"href":"https:\/\/linitiative.ca\/International\/wp-json\/wp\/v2\/tags?post=26838"}],"curies":[{"name":"wp","href":"https:\/\/api.w.org\/{rel}","templated":true}]}}