{"id":26840,"date":"2019-04-09T15:14:36","date_gmt":"2019-04-09T19:14:36","guid":{"rendered":"https:\/\/linitiative.ca\/International\/international-as-rome-une-offre-de-rachat-xxl-en-provenance-du-qatar\/"},"modified":"2019-04-09T15:14:36","modified_gmt":"2019-04-09T19:14:36","slug":"international-as-rome-une-offre-de-rachat-xxl-en-provenance-du-qatar","status":"publish","type":"post","link":"https:\/\/linitiative.ca\/International\/international-as-rome-une-offre-de-rachat-xxl-en-provenance-du-qatar\/","title":{"rendered":"International : AS Rome : Une offre de rachat XXL en provenance du Qatar ?"},"content":{"rendered":"<div readability=\"32\">\n<p>Auteur : <span class=\"time\">mardi 09 avril 2019 15:15<\/span><\/p>\n<\/div>\n<div id=\"post_core\" readability=\"37\">\n<p>D&rsquo;apr\u00e8s les informations obtenues par le Corriere dello Sport et Topmercato, un fond du Qatar a fait une proposition de rachat au propri\u00e9taire du club romain. Elle serait de l&rsquo;ordre de 400 millions d&rsquo;euros et a \u00e9t\u00e9 d\u00e9mentie par James Pallotta, en marge de l&rsquo;\u00e9v\u00e8nement \u00ab\u00a0La nuit des rois\u00a0\u00bb. Les m\u00eames sources indiquent n\u00e9anmoins qu&rsquo;elle a \u00e9t\u00e9 confirm\u00e9e par certains proches du pr\u00e9sident&#8230; Info ou intox ? On devrait en savoir plus dans les prochains jours.<\/p>\n<p><strong>Publi\u00e9 dans :<\/strong> <span>As Rome<\/span><\/p>\n<\/div>\n<p>Auteur:<br \/>\n<a href=\"http:\/\/www.lebuteur.com\/article\/detail?titre=as-rome-une-offre-de-rachat-xxl-en-provenance-du-qatar&#038;id=87858&#038;utm_source=feedburner&#038;utm_medium=feed&#038;utm_campaign=Feed%3A+GalerieFArtciles+%28Les+derniers+articles++-+lebuteur.com%29\">Cliquez ici pour lire l&rsquo;article depuis sa source.<\/a><\/p>\n","protected":false},"excerpt":{"rendered":"<p>Auteur : mardi 09 avril 2019 15:15 D&rsquo;apr\u00e8s les informations obtenues par le Corriere dello Sport et Topmercato, un fond du Qatar a fait une proposition de rachat au propri\u00e9taire du club romain. Elle serait de l&rsquo;ordre de 400 millions d&rsquo;euros et a \u00e9t\u00e9 d\u00e9mentie par James Pallotta, en marge de l&rsquo;\u00e9v\u00e8nement \u00ab\u00a0La nuit des [&hellip;]<\/p>\n","protected":false},"author":1738,"featured_media":26841,"comment_status":"closed","ping_status":"closed","sticky":false,"template":"","format":"standard","meta":{"fifu_image_url":"","fifu_image_alt":"","footnotes":""},"categories":[53,75],"tags":[],"class_list":["post-26840","post","type-post","status-publish","format-standard","has-post-thumbnail","hentry","category-algerie","category-sport"],"_links":{"self":[{"href":"https:\/\/linitiative.ca\/International\/wp-json\/wp\/v2\/posts\/26840","targetHints":{"allow":["GET"]}}],"collection":[{"href":"https:\/\/linitiative.ca\/International\/wp-json\/wp\/v2\/posts"}],"about":[{"href":"https:\/\/linitiative.ca\/International\/wp-json\/wp\/v2\/types\/post"}],"author":[{"embeddable":true,"href":"https:\/\/linitiative.ca\/International\/wp-json\/wp\/v2\/users\/1738"}],"replies":[{"embeddable":true,"href":"https:\/\/linitiative.ca\/International\/wp-json\/wp\/v2\/comments?post=26840"}],"version-history":[{"count":0,"href":"https:\/\/linitiative.ca\/International\/wp-json\/wp\/v2\/posts\/26840\/revisions"}],"wp:featuredmedia":[{"embeddable":true,"href":"https:\/\/linitiative.ca\/International\/wp-json\/"}],"wp:attachment":[{"href":"https:\/\/linitiative.ca\/International\/wp-json\/wp\/v2\/media?parent=26840"}],"wp:term":[{"taxonomy":"category","embeddable":true,"href":"https:\/\/linitiative.ca\/International\/wp-json\/wp\/v2\/categories?post=26840"},{"taxonomy":"post_tag","embeddable":true,"href":"https:\/\/linitiative.ca\/International\/wp-json\/wp\/v2\/tags?post=26840"}],"curies":[{"name":"wp","href":"https:\/\/api.w.org\/{rel}","templated":true}]}}