{"id":26842,"date":"2019-04-08T19:00:00","date_gmt":"2019-04-08T23:00:00","guid":{"rendered":"https:\/\/linitiative.ca\/International\/le-monde-cache-de-lassainissement-a-la-decouverte-des-stations-depuration\/"},"modified":"2019-04-08T19:00:00","modified_gmt":"2019-04-08T23:00:00","slug":"le-monde-cache-de-lassainissement-a-la-decouverte-des-stations-depuration","status":"publish","type":"post","link":"https:\/\/linitiative.ca\/International\/le-monde-cache-de-lassainissement-a-la-decouverte-des-stations-depuration\/","title":{"rendered":"Le monde cach\u00e9 de l\u2019assainissement  :  \u00e0 la d\u00e9couverte des stations  d\u2019\u00e9puration"},"content":{"rendered":"<p>La zone de Tizi-Ouzou de l\u2019Office national d\u2019assainissement organisera durant ce mois et \u00e0 l\u2019occasion de la journ\u00e9e du Savoir (qui co\u00efncide avec le 16 avril) des journ\u00e9es \u00abportes ouvertes\u00bb au profit des \u00e9l\u00e8ves de la wilaya pour les sensibiliser sur la pr\u00e9servation du r\u00e9seau d\u2019assainissement, a-t-on appris aupr\u00e8s de cet office.<br \/>Ces journ\u00e9es \u00abportes ouvertes\u00bb, plac\u00e9es sous le th\u00e8me \u00abA la d\u00e9couverte du monde cach\u00e9 de l\u2019assainissement\u00bb, qui auront lieu au niveau des stations d\u2019\u00e9puration, seront une occasion pour faire conna\u00eetre \u00abla complexit\u00e9\u00bb de ce r\u00e9seau et \u00abla rudesse de ce m\u00e9tier indispensable pour pr\u00e9server la sant\u00e9 et l\u2019hygi\u00e8ne publiques\u00bb et d\u2019expliquer que \u00ables \u00e9go\u00fbts ne sont pas des poubelles\u00bb, a-t-on ajout\u00e9 de m\u00eame source.<br \/>\u00a0<\/p>\n<p>Auteur: elmoudjahid<br \/>\n<a href=\"http:\/\/www.elmoudjahid.com\/fr\/actualites\/135650\">Cliquez ici pour lire l&rsquo;article depuis sa source.<\/a><\/p>\n","protected":false},"excerpt":{"rendered":"<p>La zone de Tizi-Ouzou de l\u2019Office national d\u2019assainissement organisera durant ce mois et \u00e0 l\u2019occasion de la journ\u00e9e du Savoir (qui co\u00efncide avec le 16 avril) des journ\u00e9es \u00abportes ouvertes\u00bb au profit des \u00e9l\u00e8ves de la wilaya pour les sensibiliser sur la pr\u00e9servation du r\u00e9seau d\u2019assainissement, a-t-on appris aupr\u00e8s de cet office.Ces journ\u00e9es \u00abportes ouvertes\u00bb, [&hellip;]<\/p>\n","protected":false},"author":1744,"featured_media":0,"comment_status":"closed","ping_status":"closed","sticky":false,"template":"","format":"standard","meta":{"fifu_image_url":"","fifu_image_alt":"","footnotes":""},"categories":[73,53],"tags":[],"class_list":["post-26842","post","type-post","status-publish","format-standard","hentry","category-actualite","category-algerie"],"_links":{"self":[{"href":"https:\/\/linitiative.ca\/International\/wp-json\/wp\/v2\/posts\/26842","targetHints":{"allow":["GET"]}}],"collection":[{"href":"https:\/\/linitiative.ca\/International\/wp-json\/wp\/v2\/posts"}],"about":[{"href":"https:\/\/linitiative.ca\/International\/wp-json\/wp\/v2\/types\/post"}],"author":[{"embeddable":true,"href":"https:\/\/linitiative.ca\/International\/wp-json\/wp\/v2\/users\/1744"}],"replies":[{"embeddable":true,"href":"https:\/\/linitiative.ca\/International\/wp-json\/wp\/v2\/comments?post=26842"}],"version-history":[{"count":0,"href":"https:\/\/linitiative.ca\/International\/wp-json\/wp\/v2\/posts\/26842\/revisions"}],"wp:attachment":[{"href":"https:\/\/linitiative.ca\/International\/wp-json\/wp\/v2\/media?parent=26842"}],"wp:term":[{"taxonomy":"category","embeddable":true,"href":"https:\/\/linitiative.ca\/International\/wp-json\/wp\/v2\/categories?post=26842"},{"taxonomy":"post_tag","embeddable":true,"href":"https:\/\/linitiative.ca\/International\/wp-json\/wp\/v2\/tags?post=26842"}],"curies":[{"name":"wp","href":"https:\/\/api.w.org\/{rel}","templated":true}]}}