{"id":26844,"date":"2019-04-08T19:00:00","date_gmt":"2019-04-08T23:00:00","guid":{"rendered":"https:\/\/linitiative.ca\/International\/oran-3-zones-dactivites-viabilisees\/"},"modified":"2019-04-08T19:00:00","modified_gmt":"2019-04-08T23:00:00","slug":"oran-3-zones-dactivites-viabilisees","status":"publish","type":"post","link":"https:\/\/linitiative.ca\/International\/oran-3-zones-dactivites-viabilisees\/","title":{"rendered":"Oran : 3 zones d\u2019activit\u00e9s viabilis\u00e9es"},"content":{"rendered":"<p>Trois zones d&rsquo;activit\u00e9s dans la wilaya d&rsquo;Oran b\u00e9n\u00e9ficieront prochainement de travaux de viabilisation afin de garantir de bonnes conditions de travail aux investisseurs, a-t-on appris de la Direction de l&rsquo;industrie et des mines. Une op\u00e9ration de viabilisation touchera prochainement les zones d&rsquo;activit\u00e9s de Boufatis, El Karma et Oued Tl\u00e9lat, a pr\u00e9cis\u00e9 la m\u00eame source \u00e0 l&rsquo;APS. Ces travaux concernent essentiellement les r\u00e9seaux d&rsquo;assainissement, d&rsquo;AEP, de voirie et d&rsquo;\u00e9clairage public, dans le but de permettre aux investisseurs de travailler dans de bonnes conditions, a-t-on soulign\u00e9 de m\u00eame source. Dans le m\u00eame cadre, l&rsquo;op\u00e9ration de viabilisation des zones d&rsquo;activit\u00e9s de Boutl\u00e9lis et Benfr\u00e9ha est en cours, a-t-on fait savoir. Selon le m\u00eame responsable, une enveloppe de 1,8 milliard DA a \u00e9t\u00e9 allou\u00e9e par les autorit\u00e9s pour la r\u00e9habilitation des zones d&rsquo;activit\u00e9s et des zones industrielles dont 1,2 milliard DA pour la r\u00e9habilitation des zones industrielles et le restant pour les zones d&rsquo;activit\u00e9s. Pour ce qui est de la cr\u00e9ation de nouvelles zones d&rsquo;activit\u00e9s, le responsable a soulign\u00e9 qu&rsquo;il faudrait d&rsquo;abord terminer les travaux de viabilisation des 13 zones d\u00e9j\u00e0 lanc\u00e9s pour penser \u00e0 cr\u00e9er d&rsquo;autres, estimant que cela prend beaucoup de temps. \u00abLa viabilisation d&rsquo;une superficie de 30 hectares prend au moins 15 mois\u00bb, a-t-il expliqu\u00e9.<\/p>\n<p>Auteur: elmoudjahid<br \/>\n<a href=\"http:\/\/www.elmoudjahid.com\/fr\/actualites\/135652\">Cliquez ici pour lire l&rsquo;article depuis sa source.<\/a><\/p>\n","protected":false},"excerpt":{"rendered":"<p>Trois zones d&rsquo;activit\u00e9s dans la wilaya d&rsquo;Oran b\u00e9n\u00e9ficieront prochainement de travaux de viabilisation afin de garantir de bonnes conditions de travail aux investisseurs, a-t-on appris de la Direction de l&rsquo;industrie et des mines. Une op\u00e9ration de viabilisation touchera prochainement les zones d&rsquo;activit\u00e9s de Boufatis, El Karma et Oued Tl\u00e9lat, a pr\u00e9cis\u00e9 la m\u00eame source \u00e0 [&hellip;]<\/p>\n","protected":false},"author":1744,"featured_media":0,"comment_status":"closed","ping_status":"closed","sticky":false,"template":"","format":"standard","meta":{"fifu_image_url":"","fifu_image_alt":"","footnotes":""},"categories":[73,53],"tags":[],"class_list":["post-26844","post","type-post","status-publish","format-standard","hentry","category-actualite","category-algerie"],"_links":{"self":[{"href":"https:\/\/linitiative.ca\/International\/wp-json\/wp\/v2\/posts\/26844","targetHints":{"allow":["GET"]}}],"collection":[{"href":"https:\/\/linitiative.ca\/International\/wp-json\/wp\/v2\/posts"}],"about":[{"href":"https:\/\/linitiative.ca\/International\/wp-json\/wp\/v2\/types\/post"}],"author":[{"embeddable":true,"href":"https:\/\/linitiative.ca\/International\/wp-json\/wp\/v2\/users\/1744"}],"replies":[{"embeddable":true,"href":"https:\/\/linitiative.ca\/International\/wp-json\/wp\/v2\/comments?post=26844"}],"version-history":[{"count":0,"href":"https:\/\/linitiative.ca\/International\/wp-json\/wp\/v2\/posts\/26844\/revisions"}],"wp:attachment":[{"href":"https:\/\/linitiative.ca\/International\/wp-json\/wp\/v2\/media?parent=26844"}],"wp:term":[{"taxonomy":"category","embeddable":true,"href":"https:\/\/linitiative.ca\/International\/wp-json\/wp\/v2\/categories?post=26844"},{"taxonomy":"post_tag","embeddable":true,"href":"https:\/\/linitiative.ca\/International\/wp-json\/wp\/v2\/tags?post=26844"}],"curies":[{"name":"wp","href":"https:\/\/api.w.org\/{rel}","templated":true}]}}