{"id":26845,"date":"2019-04-08T19:00:00","date_gmt":"2019-04-08T23:00:00","guid":{"rendered":"https:\/\/linitiative.ca\/International\/m-%e2%80%88cherif-omari-ministre-de-lagriculture-du-developpement-rural-et-de-la-peche-limperatif-de-rendre-le-secteur-accessible-a-tout-un-chacun\/"},"modified":"2019-04-08T19:00:00","modified_gmt":"2019-04-08T23:00:00","slug":"m-%e2%80%88cherif-omari-ministre-de-lagriculture-du-developpement-rural-et-de-la-peche-limperatif-de-rendre-le-secteur-accessible-a-tout-un-chacun","status":"publish","type":"post","link":"https:\/\/linitiative.ca\/International\/m-%e2%80%88cherif-omari-ministre-de-lagriculture-du-developpement-rural-et-de-la-peche-limperatif-de-rendre-le-secteur-accessible-a-tout-un-chacun\/","title":{"rendered":"M.\u2008Ch\u00e9rif Omari, ministre de l\u2019Agriculture, du d\u00e9veloppement rural et de la p\u00eache : \u00ab L\u2019imp\u00e9ratif de rendre le secteur accessible \u00e0 tout un chacun \u00bb"},"content":{"rendered":"<p><strong>\u00abJ\u2019appelle les cadres de la p\u00eache \u00e0 d\u00e9mocratiser l&rsquo;activit\u00e9 de l&rsquo;aquaculture et de la rendre accessible \u00e0 tout un chacun, pour encourager son int\u00e9gration et introduire d&rsquo;autres formes d&rsquo;\u00e9levage intensif de poissons, avec le soutien de la recherche et de la vulgarisation.\u00bb<\/strong><\/p>\n<p>C\u2019est par ces termes on ne peut plus clairs que s\u2019est adress\u00e9 le ministre de l\u2019Agriculture, du D\u00e9veloppement rural et de la P\u00eache aux cadres de la Direction g\u00e9n\u00e9rale de la p\u00eache et de l&rsquo;aquaculture, lors d\u2019une rencontre qu\u2019il a tenue r\u00e9cemment.<br \/>Cit\u00e9 par un communiqu\u00e9 de presse, Ch\u00e9rif Omari a relev\u00e9 l&rsquo;importance du secteur de la p\u00eache et de l&rsquo;aquaculture dans le d\u00e9veloppement et dans la diversification de l&rsquo;\u00e9conomie nationale, et assur\u00e9 que le secteur est \u00abprometteur\u00bb et qu\u2019il existe un \u00abgrand\u00bb potentiel qui peut \u00eatre exploit\u00e9 et ce, d&rsquo;une mani\u00e8re \u00abdurable\u00bb. Le ministre a insist\u00e9, dans le m\u00eame sillage, sur la pr\u00e9servation et l&rsquo;am\u00e9lioration des conditions socioprofessionnelles des travailleurs, la contribution au d\u00e9veloppement d&rsquo;une \u00e9conomie nationale en pr\u00e9servant le patrimoine national, le respect des normes environnementales et la protection du pouvoir d&rsquo;achat des consommateurs.<br \/>D\u2019autre part, M. Omari a mis l\u2019accent sur la formation des jeunes dans le secteur de la P\u00eache qui repr\u00e9sente une base de la modernisation, et appel\u00e9, \u00e0 cet \u00e9gard, \u00e0 la poursuite des cycles de formation des jeunes et de mettre tous les moyens \u00e0 leur profit afin de d\u00e9velopper le secteur. Le premier responsable du secteur de l\u2019Agriculture s\u2019est r\u00e9jouit de l&rsquo;int\u00e9r\u00eat croissant des agriculteurs pour les activit\u00e9s aquacoles en parall\u00e8le de l&rsquo;agriculture, appelant en ce sens, les cadres du secteur de la p\u00eache \u00e0 \u00eatre \u00e0 l&rsquo;\u00e9coute de ces derniers, \u00e0 travers l&rsquo;accompagnement et des facilitations afin de d\u00e9velopper leurs activit\u00e9s dans ce domaine.\u00a0 Il est \u00e0 noter que la production nationale en poissons, qui atteint plus de 120.000 tonnes durant l&rsquo;exercice 2018, pourrait s&rsquo;accro\u00eetre \u00e0 180.000 tonnes, avec le d\u00e9veloppement de la p\u00eache aquacole, a conclu la m\u00eame source.<br \/>Pour rappel, le secteur de l\u2019Agriculture conna\u00eet une v\u00e9ritable r\u00e9volution en Alg\u00e9rie. En effet, avec le lancement du programme national de d\u00e9veloppement agricole, en 2000, notre pays produit, \u00e0 pr\u00e9sent, 152 millions de quintaux de produits mara\u00eechers, au lieu de 38 millions de quintaux. Ainsi, dans ce m\u00eame sillage, le minist\u00e8re avait, par ailleurs, soulign\u00e9 l\u2019importance de produire, en Alg\u00e9rie, les semences afin d\u2019atteindre l\u2019autosuffisance alimentaire. \u00abDans trois ans, nous ne devons plus importer des semences de pommes de terre\u00bb, avait-il soutenu, non sans mettre en exergue le fait qu\u2019il \u00e9tait attendu des diff\u00e9rents conseils, l\u2019augmentation de la production et la cr\u00e9ation des conditions idoines \u00e0 l\u2019exportation. Enfin, il avait \u00e9t\u00e9 aussi dit que la production des produits mara\u00eechers avait atteint 1.000 milliards de dinars, soit 10 milliards de dollars.<br \/>Sami Ka\u00efdi<br \/>\u00a0<\/p>\n<p>Auteur: elmoudjahid<br \/>\n<a href=\"http:\/\/www.elmoudjahid.com\/fr\/actualites\/135653\">Cliquez ici pour lire l&rsquo;article depuis sa source.<\/a><\/p>\n","protected":false},"excerpt":{"rendered":"<p>\u00abJ\u2019appelle les cadres de la p\u00eache \u00e0 d\u00e9mocratiser l&rsquo;activit\u00e9 de l&rsquo;aquaculture et de la rendre accessible \u00e0 tout un chacun, pour encourager son int\u00e9gration et introduire d&rsquo;autres formes d&rsquo;\u00e9levage intensif de poissons, avec le soutien de la recherche et de la vulgarisation.\u00bb C\u2019est par ces termes on ne peut plus clairs que s\u2019est adress\u00e9 le [&hellip;]<\/p>\n","protected":false},"author":1744,"featured_media":0,"comment_status":"closed","ping_status":"closed","sticky":false,"template":"","format":"standard","meta":{"fifu_image_url":"","fifu_image_alt":"","footnotes":""},"categories":[73,53],"tags":[],"class_list":["post-26845","post","type-post","status-publish","format-standard","hentry","category-actualite","category-algerie"],"_links":{"self":[{"href":"https:\/\/linitiative.ca\/International\/wp-json\/wp\/v2\/posts\/26845","targetHints":{"allow":["GET"]}}],"collection":[{"href":"https:\/\/linitiative.ca\/International\/wp-json\/wp\/v2\/posts"}],"about":[{"href":"https:\/\/linitiative.ca\/International\/wp-json\/wp\/v2\/types\/post"}],"author":[{"embeddable":true,"href":"https:\/\/linitiative.ca\/International\/wp-json\/wp\/v2\/users\/1744"}],"replies":[{"embeddable":true,"href":"https:\/\/linitiative.ca\/International\/wp-json\/wp\/v2\/comments?post=26845"}],"version-history":[{"count":0,"href":"https:\/\/linitiative.ca\/International\/wp-json\/wp\/v2\/posts\/26845\/revisions"}],"wp:attachment":[{"href":"https:\/\/linitiative.ca\/International\/wp-json\/wp\/v2\/media?parent=26845"}],"wp:term":[{"taxonomy":"category","embeddable":true,"href":"https:\/\/linitiative.ca\/International\/wp-json\/wp\/v2\/categories?post=26845"},{"taxonomy":"post_tag","embeddable":true,"href":"https:\/\/linitiative.ca\/International\/wp-json\/wp\/v2\/tags?post=26845"}],"curies":[{"name":"wp","href":"https:\/\/api.w.org\/{rel}","templated":true}]}}