{"id":26846,"date":"2019-04-08T19:00:00","date_gmt":"2019-04-08T23:00:00","guid":{"rendered":"https:\/\/linitiative.ca\/International\/blida-extension-de-larboriculture-fruitiere\/"},"modified":"2019-04-08T19:00:00","modified_gmt":"2019-04-08T23:00:00","slug":"blida-extension-de-larboriculture-fruitiere","status":"publish","type":"post","link":"https:\/\/linitiative.ca\/International\/blida-extension-de-larboriculture-fruitiere\/","title":{"rendered":"Blida  : Extension  de l\u2019arboriculture fruiti\u00e8re"},"content":{"rendered":"<p>La Chambre d\u2019agriculture de Blida a engag\u00e9 des d\u00e9marches, en coordination avec la Direction des services agricoles de la wilaya, afin de proc\u00e9der \u00e0 l\u2019extension des surfaces destin\u00e9es \u00e0 l\u2019arboriculture fruiti\u00e8re, dont particuli\u00e8rement l\u2019agrumiculture, a-t-on appris hier du pr\u00e9sident de la chambre d\u2019agriculture, Rachid Djebbar. Des campagnes de sensibilisation ont \u00e9t\u00e9 lanc\u00e9es en direction des c\u00e9r\u00e9aliculteurs de la r\u00e9gion en vue de les convaincre, a-t-il dit, \u00abdu bien-fond\u00e9 de la r\u00e9alisation d\u2019une conversion vers l\u2019arboriculture fruiti\u00e8re\u00bb, dont l\u2019agrumiculture, \u00abce qui est en soi une t\u00e2che pas facile\u00bb, a-t-il estim\u00e9. Pour soutenir le bien-fond\u00e9 de cette conversion, Rachid Djebbar a mis en avant la haute fertilit\u00e9 du sol de la plaine de la Mitidja, \u00abmieux appropri\u00e9\u00bb, selon lui, \u00e0 l\u2019arboriculture fruiti\u00e8re. Le verger agrumicole de la wilaya est de pr\u00e8s de 18.000 hectares, contre 7.000 ha affect\u00e9s \u00e0 la c\u00e9r\u00e9aliculture. Une surface convertible, dans le futur, en arboriculture, a-t-il soutenu. M. Djebbar, qui s\u2019est dit \u00aboptimiste\u00bb quant \u00e0 la concr\u00e9tisation de cet objectif, a cit\u00e9 pour preuve, la transformation, chaque ann\u00e9e \u00e0 Blida, d\u2019une surface c\u00e9r\u00e9ali\u00e8re de 200 ha, en une surface arboricole. Ce qui a eu pour r\u00e9sultat, la r\u00e9duction de la superficie c\u00e9r\u00e9ali\u00e8re de la wilaya \u00e0 7.000 ha actuellement, contre 13.000 ha en 2000. \u00abNous avons ressenti une r\u00e9elle volont\u00e9 chez de nombreux agriculteurs de r\u00e9aliser cette conversion, n\u2019\u00e9tait le probl\u00e8me de manque d&rsquo;eau d\u2019irrigation, constituant pour eux une entrave \u00e0 cet objectif\u00bb, a-t-il ajout\u00e9, par ailleurs, expliquant par l\u00e0 leur orientation vers la culture c\u00e9r\u00e9ali\u00e8re, r\u00e9put\u00e9e pour son faible besoin en eau. \u00c0 cela s\u2019ajoute, a-t-il dit, le fait qu\u2019une grande partie des forages d\u2019eau exploit\u00e9s par les agriculteurs dans l\u2019irrigation de leurs cultures \u00absont ill\u00e9gaux, \u00e0 cause de difficult\u00e9s li\u00e9es \u00e0 l\u2019obtention de permis de forages dans cette wilaya, o\u00f9 les nappes souterraines assurent plus de 80% des besoins de la population. D\u2019o\u00f9 l\u2019imp\u00e9ratif de leur pr\u00e9servation, au moment o\u00f9 les eaux en provenance du barrage El-Mustakbal d\u2019A\u00efn Defla suffisent \u00e0 peine pour l\u2019irrigation de la partie ouest de la r\u00e9gion\u00bb, a relev\u00e9 le m\u00eame responsable. La wilaya de Blida est leader national en production d\u2019agrumes. La r\u00e9colte de cette ann\u00e9e a d\u00e9pass\u00e9 les quatre millions de quintaux d\u2019agrumes (toutes vari\u00e9t\u00e9s confondues), pour une superficie agrumicole estim\u00e9e \u00e0 18.000 ha actuellement, contre 12.480 ha en 2000, dont une grande partie concentr\u00e9e dans les localit\u00e9s d\u2019Oued El-Alleugue, Mouza\u00efa, Chebli et Boufarik.<\/p>\n<p>Auteur: elmoudjahid<br \/>\n<a href=\"http:\/\/www.elmoudjahid.com\/fr\/actualites\/135654\">Cliquez ici pour lire l&rsquo;article depuis sa source.<\/a><\/p>\n","protected":false},"excerpt":{"rendered":"<p>La Chambre d\u2019agriculture de Blida a engag\u00e9 des d\u00e9marches, en coordination avec la Direction des services agricoles de la wilaya, afin de proc\u00e9der \u00e0 l\u2019extension des surfaces destin\u00e9es \u00e0 l\u2019arboriculture fruiti\u00e8re, dont particuli\u00e8rement l\u2019agrumiculture, a-t-on appris hier du pr\u00e9sident de la chambre d\u2019agriculture, Rachid Djebbar. Des campagnes de sensibilisation ont \u00e9t\u00e9 lanc\u00e9es en direction des [&hellip;]<\/p>\n","protected":false},"author":1744,"featured_media":0,"comment_status":"closed","ping_status":"closed","sticky":false,"template":"","format":"standard","meta":{"fifu_image_url":"","fifu_image_alt":"","footnotes":""},"categories":[73,53],"tags":[],"class_list":["post-26846","post","type-post","status-publish","format-standard","hentry","category-actualite","category-algerie"],"_links":{"self":[{"href":"https:\/\/linitiative.ca\/International\/wp-json\/wp\/v2\/posts\/26846","targetHints":{"allow":["GET"]}}],"collection":[{"href":"https:\/\/linitiative.ca\/International\/wp-json\/wp\/v2\/posts"}],"about":[{"href":"https:\/\/linitiative.ca\/International\/wp-json\/wp\/v2\/types\/post"}],"author":[{"embeddable":true,"href":"https:\/\/linitiative.ca\/International\/wp-json\/wp\/v2\/users\/1744"}],"replies":[{"embeddable":true,"href":"https:\/\/linitiative.ca\/International\/wp-json\/wp\/v2\/comments?post=26846"}],"version-history":[{"count":0,"href":"https:\/\/linitiative.ca\/International\/wp-json\/wp\/v2\/posts\/26846\/revisions"}],"wp:attachment":[{"href":"https:\/\/linitiative.ca\/International\/wp-json\/wp\/v2\/media?parent=26846"}],"wp:term":[{"taxonomy":"category","embeddable":true,"href":"https:\/\/linitiative.ca\/International\/wp-json\/wp\/v2\/categories?post=26846"},{"taxonomy":"post_tag","embeddable":true,"href":"https:\/\/linitiative.ca\/International\/wp-json\/wp\/v2\/tags?post=26846"}],"curies":[{"name":"wp","href":"https:\/\/api.w.org\/{rel}","templated":true}]}}