{"id":26847,"date":"2019-04-08T19:00:00","date_gmt":"2019-04-08T23:00:00","guid":{"rendered":"https:\/\/linitiative.ca\/International\/libre-choix\/"},"modified":"2019-04-08T19:00:00","modified_gmt":"2019-04-08T23:00:00","slug":"libre-choix","status":"publish","type":"post","link":"https:\/\/linitiative.ca\/International\/libre-choix\/","title":{"rendered":"Libre choix"},"content":{"rendered":"<p>Le boycott de la s\u00e9ance du Parlement, qui se tient aujourd\u2019hui, est loin d\u2019\u00eatre un \u00e9l\u00e9ment contribuant \u00e0 la sortie de crise. La man\u0153uvre aurait plut\u00f4t comme but de retarder toute solution apte \u00e0 mettre fin \u00e0 l\u2019\u00e9tat d\u2019incertitude v\u00e9cu par les citoyens depuis plusieurs mois. Une fois que les \u00e9lections ont \u00e9t\u00e9 annul\u00e9es et que le pr\u00e9sident de la R\u00e9publique a d\u00e9missionn\u00e9, il s\u2019agit d\u2019appliquer les articles de la Constitution qui pr\u00e9cisent, avec beaucoup de d\u00e9tails, les modalit\u00e9s de gestion d\u2019une p\u00e9riode de transition devant aboutir au choix d\u2019un nouveau pr\u00e9sident. Plus la p\u00e9riode de transition est longue, plus elle est porteuse d\u2019instabilit\u00e9, avec des risques de sombrer dans un contexte non constitutionnel. Aujourd\u2019hui, le Parlement prend acte de la d\u00e9claration du Conseil constitutionnel constant la vacance d\u00e9finitive du poste du Pr\u00e9sident, et activera l&rsquo;application de l&rsquo;article 102 de la Constitution.\u00a0 Ce sera ensuite au pr\u00e9sident du Conseil de la nation d\u2019assumer la charge de chef de l&rsquo;\u00c9tat pour une dur\u00e9e de 90 jours au maximum. La r\u00e9union du Parlement intervient dans un contexte marqu\u00e9 par la d\u00e9mission des parlementaires de certains partis, dans le sillage du mouvement populaire entam\u00e9 le 22 f\u00e9vrier dernier, alors que d&rsquo;autres formations ont d\u00e9cid\u00e9 de boycotter cette r\u00e9union. L&rsquo;opposition estime que l&rsquo;application de l&rsquo;article 102 ne r\u00e8gle pas la crise actuelle. Elle mentionne qu\u2019un dialogue doit \u00eatre nou\u00e9, pour discuter d\u2019autres modalit\u00e9s de la gestion des affaires de l\u2019\u00c9tat. Elle se r\u00e9f\u00e8re aussi \u00e0 la lettre et \u00e0 l&rsquo;esprit des articles 7 et 8 de la Constitution stipulant que le peuple est la source de tout pouvoir et que la souverainet\u00e9 nationale appartient exclusivement au peuple, tout comme le pouvoir constituant. \u00c0 ne pas omettre que le Parlement \u00e9mane aussi, au moins formellement, de la volont\u00e9 du m\u00eame peuple, m\u00eame si certains objecteraient que ce sont des institutions mal \u00e9lues. Tout de m\u00eame, le choix libre et d\u00e9mocratique des repr\u00e9sentants du peuple est un des droits \u00e0 reconqu\u00e9rir dans trois mois.\u00a0 Libre au futur pr\u00e9sident d\u2019organiser ensuite des l\u00e9gislatives anticip\u00e9es, pour laisser aux \u00e9lecteurs la libert\u00e9 de d\u00e9signer des repr\u00e9sentants sur des bases saines et transparentes. \u00a0<br \/>A. M.<\/p>\n<p>Auteur: elmoudjahid<br \/>\n<a href=\"http:\/\/www.elmoudjahid.com\/fr\/actualites\/135655\">Cliquez ici pour lire l&rsquo;article depuis sa source.<\/a><\/p>\n","protected":false},"excerpt":{"rendered":"<p>Le boycott de la s\u00e9ance du Parlement, qui se tient aujourd\u2019hui, est loin d\u2019\u00eatre un \u00e9l\u00e9ment contribuant \u00e0 la sortie de crise. La man\u0153uvre aurait plut\u00f4t comme but de retarder toute solution apte \u00e0 mettre fin \u00e0 l\u2019\u00e9tat d\u2019incertitude v\u00e9cu par les citoyens depuis plusieurs mois. Une fois que les \u00e9lections ont \u00e9t\u00e9 annul\u00e9es et [&hellip;]<\/p>\n","protected":false},"author":1744,"featured_media":0,"comment_status":"closed","ping_status":"closed","sticky":false,"template":"","format":"standard","meta":{"fifu_image_url":"","fifu_image_alt":"","footnotes":""},"categories":[73,53],"tags":[],"class_list":["post-26847","post","type-post","status-publish","format-standard","hentry","category-actualite","category-algerie"],"_links":{"self":[{"href":"https:\/\/linitiative.ca\/International\/wp-json\/wp\/v2\/posts\/26847","targetHints":{"allow":["GET"]}}],"collection":[{"href":"https:\/\/linitiative.ca\/International\/wp-json\/wp\/v2\/posts"}],"about":[{"href":"https:\/\/linitiative.ca\/International\/wp-json\/wp\/v2\/types\/post"}],"author":[{"embeddable":true,"href":"https:\/\/linitiative.ca\/International\/wp-json\/wp\/v2\/users\/1744"}],"replies":[{"embeddable":true,"href":"https:\/\/linitiative.ca\/International\/wp-json\/wp\/v2\/comments?post=26847"}],"version-history":[{"count":0,"href":"https:\/\/linitiative.ca\/International\/wp-json\/wp\/v2\/posts\/26847\/revisions"}],"wp:attachment":[{"href":"https:\/\/linitiative.ca\/International\/wp-json\/wp\/v2\/media?parent=26847"}],"wp:term":[{"taxonomy":"category","embeddable":true,"href":"https:\/\/linitiative.ca\/International\/wp-json\/wp\/v2\/categories?post=26847"},{"taxonomy":"post_tag","embeddable":true,"href":"https:\/\/linitiative.ca\/International\/wp-json\/wp\/v2\/tags?post=26847"}],"curies":[{"name":"wp","href":"https:\/\/api.w.org\/{rel}","templated":true}]}}